{"id":8583,"date":"2025-12-01T17:27:36","date_gmt":"2025-12-01T16:27:36","guid":{"rendered":"https:\/\/online-filmkatarzis.com\/kucko\/?p=8583"},"modified":"2025-12-01T17:27:36","modified_gmt":"2025-12-01T16:27:36","slug":"ebbe-halt-meg-kalloy-molnar-peter","status":"publish","type":"post","link":"https:\/\/online-filmkatarzis.com\/kucko\/ebbe-halt-meg-kalloy-molnar-peter\/","title":{"rendered":"Ebbe halt meg K\u00e1lloy Moln\u00e1r P\u00e9ter!"},"content":{"rendered":"<h3>Az orsz\u00e1g m\u00e9g fel sem ocs\u00fadott a sokkb\u00f3l, amikor kider\u00fclt: K\u00e1lloy Moln\u00e1r P\u00e9ter m\u00e1r k\u00e9t hete nem l\u00e9pett sz\u00ednpadra. A rajong\u00f3k csak annyit l\u00e1ttak: elmarad\u00f3 fell\u00e9p\u00e9sek, beugr\u00f3 m\u0171v\u00e9szek, titokzatos \u00fczenetek. A hivatalos k\u00f6zlem\u00e9nyek csup\u00e1n annyit \u00e1rultak el, hogy \u201ebetegs\u00e9g miatt\u201d kellett t\u00e1vol maradnia \u2013 de hogy milyen betegs\u00e9g, arr\u00f3l senki sem mert besz\u00e9lni.<br \/>\nA sz\u00ednh\u00e1zi vil\u00e1gban m\u00e9gis suttogtak valamit. Valamit, ami hirtelen j\u00f6tt. Ami gyorsan vitt. Ami egyik napr\u00f3l a m\u00e1sikra d\u00f6nt\u00f6tte le a l\u00e1b\u00e1r\u00f3l a m\u0171v\u00e9szt, aki mindig tele volt energi\u00e1val, humorral, \u00e9lettel.<br \/>\nA rajong\u00f3k csak tal\u00e1lgattak: megf\u00e1z\u00e1s? valami v\u00edrus? t\u00falterhelts\u00e9g? A rokonok hallgattak. A koll\u00e9g\u00e1k ker\u00fclgett\u00e9k a k\u00e9rd\u00e9st. Valami\u00e9rt senki sem mondott semmit.<br \/>\nEbbe halt meg K\u00e1lloy Moln\u00e1r P\u00e9ter! MUTATJUK A R\u00c9SZLETEKET!<\/h3>\n<h3><span style=\"color: #ff0000;\"><strong>A h\u00edr nem \u00e9rt v\u00e9get! Folytat\u00e1shoz haszn\u00e1ld a K\u00d6VETKEZ\u0150 OLDAL gombot!<\/strong><\/span><\/h3>\n<h3><strong><!--nextpage--><\/strong><\/h3>\n<h3>Ahogy teltek a napok, egyre t\u00f6bb inform\u00e1ci\u00f3 sziv\u00e1rgott ki a kulissz\u00e1k m\u00f6g\u00fcl. A bar\u00e1tai arr\u00f3l besz\u00e9ltek: P\u00e9ter az elm\u00falt hetekben szokatlanul f\u00e1radtnak t\u0171nt, olyasf\u00e9le t\u00fcnetei voltak, amelyek \u201eegy komolyabb l\u00e9g\u00fati fert\u0151z\u00e9sre\u201d eml\u00e9keztettek.<br \/>\nM\u00e1sok szerint a betegs\u00e9ge szinte egyik napr\u00f3l a m\u00e1sikra v\u00e1lt dr\u00e1maiv\u00e1. A hangja elcsuklott, alig tudott besz\u00e9lni, fell\u00e9pni v\u00e9gk\u00e9pp nem. Volt, aki azt mondta: \u201el\u00e1tszott rajta, hogy nagy a baj, de nem akarta, hogy agg\u00f3djunk.\u201d<br \/>\nIsmert\u00e9k \u0151t: mindig is makacs volt, mindig v\u00e9gigcsin\u00e1lt mindent, ez\u00e9rt is volt felt\u0171n\u0151, hogy most minden el\u0151ad\u00e1s\u00e1t lemondta.<br \/>\n\u00c9s ekkor kezdtek el terjedni a legrosszabb f\u00e9lelmek: tal\u00e1n nem egyszer\u0171 megf\u00e1z\u00e1sr\u00f3l van sz\u00f3\u2026 tal\u00e1n nem is influenza\u2026 hanem valami sokkal, de sokkal vesz\u00e9lyesebbr\u0151l.<br \/>\nITT VANNAK A R\u00c9SZLETEK!<\/h3>\n<h3><span style=\"color: #ff0000;\"><strong>A h\u00edr nem \u00e9rt v\u00e9get! Folytat\u00e1shoz haszn\u00e1ld a K\u00d6VETKEZ\u0150 OLDAL gombot!<\/strong><\/span><\/h3>\n<h3><strong><!--nextpage--><\/strong><\/h3>\n<h3>A bulv\u00e1r logik\u00e1ja szerint, a t\u00fcnetek gyors roml\u00e1sa, a hirtelen fell\u00e9p\u0151 l\u00e9gz\u00e9si neh\u00e9zs\u00e9gek \u00e9s az, hogy rendk\u00edv\u00fcl r\u00f6vid id\u0151 alatt esett s\u00falyosan rossz \u00e1llapotba, mind arra utalnak, hogy a legval\u00f3sz\u00edn\u0171bb egy vill\u00e1mgyors lefoly\u00e1s\u00fa t\u00fcd\u0151gyullad\u00e1s vagy szepszis.<br \/>\nEgy v\u00e1ratlanul s\u00falyosbod\u00f3, gyors lefoly\u00e1s\u00fa t\u00fcd\u0151gyullad\u00e1s, vagy az abb\u00f3l kialakul\u00f3 szepszis a v\u00e9gzetes k\u00f3r, amely ellen m\u00e1r nem volt es\u00e9lye, hi\u00e1ba k\u00fczd\u00f6tt.<br \/>\nK\u00e1lloy Moln\u00e1r P\u00e9ter 55 \u00e9ves volt.<\/h3>\n<p>VIA Blikk\/Fb<\/p>\n","protected":false},"excerpt":{"rendered":"<p>Az orsz\u00e1g m\u00e9g fel sem ocs\u00fadott a sokkb\u00f3l, amikor kider\u00fclt: K\u00e1lloy Moln\u00e1r P\u00e9ter m\u00e1r k\u00e9t hete nem l\u00e9pett sz\u00ednpadra. A rajong\u00f3k csak annyit l\u00e1ttak: elmarad\u00f3 fell\u00e9p\u00e9sek, beugr\u00f3 m\u0171v\u00e9szek, titokzatos \u00fczenetek. A hivatalos&#8230;<\/p>\n","protected":false},"author":1,"featured_media":8584,"comment_status":"open","ping_status":"open","sticky":false,"template":"","format":"standard","meta":{"footnotes":""},"categories":[2],"tags":[],"class_list":["post-8583","post","type-post","status-publish","format-standard","has-post-thumbnail","hentry","category-altalanos"],"aioseo_notices":[],"_links":{"self":[{"href":"https:\/\/online-filmkatarzis.com\/kucko\/wp-json\/wp\/v2\/posts\/8583","targetHints":{"allow":["GET"]}}],"collection":[{"href":"https:\/\/online-filmkatarzis.com\/kucko\/wp-json\/wp\/v2\/posts"}],"about":[{"href":"https:\/\/online-filmkatarzis.com\/kucko\/wp-json\/wp\/v2\/types\/post"}],"author":[{"embeddable":true,"href":"https:\/\/online-filmkatarzis.com\/kucko\/wp-json\/wp\/v2\/users\/1"}],"replies":[{"embeddable":true,"href":"https:\/\/online-filmkatarzis.com\/kucko\/wp-json\/wp\/v2\/comments?post=8583"}],"version-history":[{"count":1,"href":"https:\/\/online-filmkatarzis.com\/kucko\/wp-json\/wp\/v2\/posts\/8583\/revisions"}],"predecessor-version":[{"id":8585,"href":"https:\/\/online-filmkatarzis.com\/kucko\/wp-json\/wp\/v2\/posts\/8583\/revisions\/8585"}],"wp:featuredmedia":[{"embeddable":true,"href":"https:\/\/online-filmkatarzis.com\/kucko\/wp-json\/wp\/v2\/media\/8584"}],"wp:attachment":[{"href":"https:\/\/online-filmkatarzis.com\/kucko\/wp-json\/wp\/v2\/media?parent=8583"}],"wp:term":[{"taxonomy":"category","embeddable":true,"href":"https:\/\/online-filmkatarzis.com\/kucko\/wp-json\/wp\/v2\/categories?post=8583"},{"taxonomy":"post_tag","embeddable":true,"href":"https:\/\/online-filmkatarzis.com\/kucko\/wp-json\/wp\/v2\/tags?post=8583"}],"curies":[{"name":"wp","href":"https:\/\/api.w.org\/{rel}","templated":true}]}}