{"id":8606,"date":"2025-12-02T17:10:22","date_gmt":"2025-12-02T16:10:22","guid":{"rendered":"https:\/\/online-filmkatarzis.com\/kucko\/?p=8606"},"modified":"2025-12-02T17:10:22","modified_gmt":"2025-12-02T16:10:22","slug":"feketebe-borult-vasvari-vivien-oldala","status":"publish","type":"post","link":"https:\/\/online-filmkatarzis.com\/kucko\/feketebe-borult-vasvari-vivien-oldala\/","title":{"rendered":"Feket\u00e9be borult Vasv\u00e1ri Vivien oldala!"},"content":{"rendered":"<h3>Fekete h\u00e1tt\u00e9r. Egy mag\u00e1nyos gyertya. Egy apr\u00f3 gyermek angyalka. Ennyi \u2014 \u00e9s m\u00e9gis az eg\u00e9sz internetet letagl\u00f3zta Vasv\u00e1ri Vivien leg\u00fajabb Instagram-sztorija. A rajong\u00f3k sz\u00f3 szerint sokkot kaptak: a k\u00e9p \u00fagy fest, mintha egy hirtelen j\u00f6tt trag\u00e9di\u00e1ra, el nem mondott vesztes\u00e9gre utalt volna.<br \/>\nA fekete poszt miatt pillanatok alatt elterjedt a f\u00e9lelem: vajon meghalt valaki Vivi k\u00f6rnyezet\u00e9ben? Egy csal\u00e1dtag? Egy bar\u00e1t? Egy k\u00f6zeli l\u00e9lek?<br \/>\nA hozz\u00e1sz\u00f3l\u00f3k k\u00e9ts\u00e9gbeesetten \u00edrt\u00e1k:<br \/>\n\u201eRem\u00e9lem, nem t\u00f6rt\u00e9nt baj\u2026 ez nagyon gy\u00e1szos.\u201d<br \/>\nMUTATJUK A R\u00c9SZLETEKET!<\/h3>\n<h3><span style=\"color: #ff0000;\"><strong>A h\u00edr nem \u00e9rt v\u00e9get! Folytat\u00e1shoz haszn\u00e1ld a K\u00d6VETKEZ\u0150 OLDAL gombot!<\/strong><\/span><\/h3>\n<h3><strong><!--nextpage--><\/strong><\/h3>\n<h3>A komor hangulat\u00fa poszt alatt elindult a m\u00e1sodik hull\u00e1m: sokan adventi megeml\u00e9kez\u00e9sre gyanakodtak.<br \/>\n\u201eElvet\u00e9lt, volt az els\u0151 gondolatom\u2026 de lehet, hogy az adventhez kapcsol\u00f3dik.\u201d \u2014 \u00edrta valaki.<br \/>\nM\u00e1sok szerint Vivi a Kar\u00e1csony el\u0151tti l\u00e9lekcsendre, az elcsendesed\u00e9sre akart utalni. A gyertya emiatt sokak szem\u00e9ben ink\u00e1bb \u00fcnnepi, mint tragikus jel volt \u2014 de a fekete h\u00e1tt\u00e9r tov\u00e1bbra sem hagyta nyugodni a k\u00f6vet\u0151ket.<br \/>\nEgy kommentel\u0151 \u00edgy fogalmazott:<br \/>\n\u201eF\u00fa, ez olyan, mint amikor valaki feket\u00e9re v\u00e1ltja a profilk\u00e9p\u00e9t\u2026 ott mindig van valami a h\u00e1tt\u00e9rben.\u201d<br \/>\nVivi Trag\u00e9di\u00e1ja:<\/h3>\n<h3><span style=\"color: #ff0000;\"><strong>A h\u00edr nem \u00e9rt v\u00e9get! Folytat\u00e1shoz haszn\u00e1ld a K\u00d6VETKEZ\u0150 OLDAL gombot!<\/strong><\/span><\/h3>\n<h3><strong><!--nextpage--><\/strong><\/h3>\n<h3>Ahogy a tal\u00e1lgat\u00e1sok egyre vadabbak lettek, t\u00f6bben Vivi kor\u00e1bbi trag\u00e9di\u00e1j\u00e1ra eml\u00e9keztek: kor\u00e1bban val\u00f3ban elvesz\u00edtett egy magzatot \u2014 \u00e9s ez sokak szerint \u00f6sszef\u00fcgghet a mostani fekete poszttal.<br \/>\n\u201eLehet, pont ezen a napon t\u00f6rt\u00e9nt\u2026 lehet, hogy erre eml\u00e9kezik\u201d \u2014 \u00edrta egy k\u00f6vet\u0151.<br \/>\nM\u00e1sok viszont nyugtatni pr\u00f3b\u00e1lt\u00e1k a t\u00f6bbieket: szerint\u00fck a gyerty\u00e1s-angyalk\u00e1s k\u00e9p csak egy adventi hangulat\u00fa, csendes poszt, ami m\u00f6g\u00f6tt nincs semmilyen \u00faj trag\u00e9dia.<br \/>\nMivel Vivi semmit sem magyar\u00e1zott meg, a leveg\u0151ben maradt a k\u00e9rd\u00e9s:<br \/>\ngy\u00e1sz, adventi eml\u00e9kez\u00e9s, vagy valami eg\u00e9szen m\u00e1s rejlik a fekete poszt m\u00f6g\u00f6tt?<\/h3>\n<p>VIA IG\/borsonline<\/p>\n","protected":false},"excerpt":{"rendered":"<p>Fekete h\u00e1tt\u00e9r. Egy mag\u00e1nyos gyertya. Egy apr\u00f3 gyermek angyalka. Ennyi \u2014 \u00e9s m\u00e9gis az eg\u00e9sz internetet letagl\u00f3zta Vasv\u00e1ri Vivien leg\u00fajabb Instagram-sztorija. A rajong\u00f3k sz\u00f3 szerint sokkot kaptak: a k\u00e9p \u00fagy fest, mintha&#8230;<\/p>\n","protected":false},"author":1,"featured_media":8609,"comment_status":"open","ping_status":"open","sticky":false,"template":"","format":"standard","meta":{"footnotes":""},"categories":[2],"tags":[],"class_list":["post-8606","post","type-post","status-publish","format-standard","has-post-thumbnail","hentry","category-altalanos"],"aioseo_notices":[],"_links":{"self":[{"href":"https:\/\/online-filmkatarzis.com\/kucko\/wp-json\/wp\/v2\/posts\/8606","targetHints":{"allow":["GET"]}}],"collection":[{"href":"https:\/\/online-filmkatarzis.com\/kucko\/wp-json\/wp\/v2\/posts"}],"about":[{"href":"https:\/\/online-filmkatarzis.com\/kucko\/wp-json\/wp\/v2\/types\/post"}],"author":[{"embeddable":true,"href":"https:\/\/online-filmkatarzis.com\/kucko\/wp-json\/wp\/v2\/users\/1"}],"replies":[{"embeddable":true,"href":"https:\/\/online-filmkatarzis.com\/kucko\/wp-json\/wp\/v2\/comments?post=8606"}],"version-history":[{"count":1,"href":"https:\/\/online-filmkatarzis.com\/kucko\/wp-json\/wp\/v2\/posts\/8606\/revisions"}],"predecessor-version":[{"id":8610,"href":"https:\/\/online-filmkatarzis.com\/kucko\/wp-json\/wp\/v2\/posts\/8606\/revisions\/8610"}],"wp:featuredmedia":[{"embeddable":true,"href":"https:\/\/online-filmkatarzis.com\/kucko\/wp-json\/wp\/v2\/media\/8609"}],"wp:attachment":[{"href":"https:\/\/online-filmkatarzis.com\/kucko\/wp-json\/wp\/v2\/media?parent=8606"}],"wp:term":[{"taxonomy":"category","embeddable":true,"href":"https:\/\/online-filmkatarzis.com\/kucko\/wp-json\/wp\/v2\/categories?post=8606"},{"taxonomy":"post_tag","embeddable":true,"href":"https:\/\/online-filmkatarzis.com\/kucko\/wp-json\/wp\/v2\/tags?post=8606"}],"curies":[{"name":"wp","href":"https:\/\/api.w.org\/{rel}","templated":true}]}}