{"id":8713,"date":"2025-12-07T17:21:10","date_gmt":"2025-12-07T16:21:10","guid":{"rendered":"https:\/\/online-filmkatarzis.com\/kucko\/?p=8713"},"modified":"2025-12-07T20:04:55","modified_gmt":"2025-12-07T19:04:55","slug":"csaladi-drama-stohl-andras-sirva-kozolte","status":"publish","type":"post","link":"https:\/\/online-filmkatarzis.com\/kucko\/csaladi-drama-stohl-andras-sirva-kozolte\/","title":{"rendered":"Csal\u00e1di Dr\u00e1ma! Stohl Andr\u00e1s s\u00edrva k\u00f6z\u00f6lte!"},"content":{"rendered":"<h3>Megszakad a sz\u00edv, amikor Stohl Andr\u00e1s visszaeml\u00e9kezik arra a m\u00faltra, amely egyszerre volt szeretettel teli\u2026 \u00e9s dermeszt\u0151en kem\u00e9ny. A sz\u00edn\u00e9sz a sz\u00ednpadon vallotta be k\u00f6nnyeivel k\u00fcszk\u00f6dve: \u00e9desapja volt az els\u0151 h\u0151se \u2013 de egyben az els\u0151 ember is, akit\u0151l rettegett. A J\u00e1szai Mari-d\u00edjas m\u0171v\u00e9sz a Hatsz\u00edn Te\u00e1trum k\u00f6z\u00f6ns\u00e9ge el\u0151tt \u00fagy t\u00e1rta fel gyermekkora titkait, ahogy m\u00e9g soha. Eleven, hiperakt\u00edv kisfi\u00fa volt, akit csak egy figyelmeztet\u00e9s tartott kord\u00e1ban: \u201eBandi, pofon lesz a v\u00e9ge!\u201d \u2013 \u00e9s bizony lett is.<br \/>\nA k\u00f6z\u00f6ns\u00e9g dermedten hallgatta, ahogy Stohl el\u00e1rulta: m\u00e9g ma, feln\u0151tt f\u00e9rfik\u00e9nt is annak az egykori, szigor\u00fa ap\u00e1nak pr\u00f3b\u00e1l megfelelni\u2026<br \/>\nElhunyt Stohl Andr\u00e1s \u00e9desapja. MUTATJUK A R\u00c9SZLETEKET!<\/h3>\n<h3><span style=\"color: #ff0000;\"><strong>A h\u00edr nem \u00e9rt v\u00e9get! Folytat\u00e1shoz haszn\u00e1ld a K\u00d6VETKEZ\u0150 OLDAL gombot!<\/strong><\/span><\/h3>\n<h3><strong><!--nextpage--><\/strong><\/h3>\n<h3>Ahogy tov\u00e1bb besz\u00e9lt, \u00fagy tornyosultak fel a f\u00e1jdalmas eml\u00e9kek. Kider\u00fclt: a Stohl-csal\u00e1dban sokszor az utols\u00f3 napokra m\u00e1r semmi sem maradt. \u00c9desanyja t\u00f6bbsz\u00f6r beadta a nyakl\u00e1nc\u00e1t a zaciba, hogy ne \u00e9hezzen a csal\u00e1d.<br \/>\nEz az \u00e9lm\u00e9ny annyira bele\u00e9gett Andr\u00e1sba, hogy ma m\u00e1r szinte k\u00e9nyszeresen ad k\u00f6lcs\u00f6n \u2013 ismer\u0151snek, ismeretlennek, b\u00e1rkinek. D\u00f6bbenetes vallom\u00e1s hangzott el: egy kisebb lak\u00e1s \u00e1r\u00e1t m\u00e1r \u00edgy elbukta, mert a p\u00e9nz nagy r\u00e9sze sosem ker\u00fclt vissza hozz\u00e1.<br \/>\nA fesz\u00fclts\u00e9g a tet\u0151fok\u00e1ra h\u00e1gott, amikor Stohl Andr\u00e1s v\u00e9gre kimondta azt, amit eddig soha. A k\u00f6nnyeivel k\u00fcszk\u00f6d\u0151 sz\u00edn\u00e9sz eg\u00e9sz \u00e9let\u00e9ben b\u00e9k\u00e9re v\u00e1gyott, \u00e9s pontosan ez\u00e9rt nem csap vissza senkinek. Ez m\u00e9lyr\u0151l, gyerekkorb\u00f3l marad r\u00e1.<br \/>\n\u00cdGY VESZ\u00cdTETTE EL \u00c9DESAPJ\u00c1T:<\/h3>\n<h3><span style=\"color: #ff0000;\"><strong>A h\u00edr nem \u00e9rt v\u00e9get! Folytat\u00e1shoz haszn\u00e1ld a K\u00d6VETKEZ\u0150 OLDAL gombot!<\/strong><\/span><\/h3>\n<h3><strong><!--nextpage--><\/strong><\/h3>\n<h3>A J\u00e1szai Mari-d\u00edjas sz\u00ednm\u0171v\u00e9sz \u2013 akinek \u00e9desapja m\u00e1r nagyon beteg volt \u2013 \u00e9ppen olyan olyan darabban j\u00e1tszott, amelynek legv\u00e9g\u00e9n karakter\u00e9t kiv\/gezt\u00e9k \u00e9s befektett\u00e9k egy kopors\u00f3ba.<br \/>\n&#8211; Befek\u00fcdtem a kopors\u00f3ba \u00e9s v\u00e1rtam, mert ott m\u00e9g volt egy 5-8 perc, am\u00edg lement az utols\u00f3 jelenet n\u00e9lk\u00fclem. Befek\u00fcdtem \u00e9s azon gondolkodtam azon az est\u00e9n, hogy szerintem az ap\u00e1m most halt meg, valahogy ezt \u00e9reztem \u00e9s m\u00e9g le is sz\u00fartam magam gondolatban, hogy hogy lehetek ekkora ripacs, hogy itt fekszem a sz\u00ednpadon egy kopors\u00f3ban \u00e9s akkor csin\u00e1lom itt a melodr\u00e1m\u00e1t. Kij\u00f6ttem, hazamentem \u00e9s akkor megtudtam, hogy val\u00f3ban akkor halt meg&#8230;<\/h3>\n<p>VIA Blikk\/24.hu<\/p>\n","protected":false},"excerpt":{"rendered":"<p>Megszakad a sz\u00edv, amikor Stohl Andr\u00e1s visszaeml\u00e9kezik arra a m\u00faltra, amely egyszerre volt szeretettel teli\u2026 \u00e9s dermeszt\u0151en kem\u00e9ny. A sz\u00edn\u00e9sz a sz\u00ednpadon vallotta be k\u00f6nnyeivel k\u00fcszk\u00f6dve: \u00e9desapja volt az els\u0151 h\u0151se \u2013&#8230;<\/p>\n","protected":false},"author":1,"featured_media":8714,"comment_status":"open","ping_status":"open","sticky":false,"template":"","format":"standard","meta":{"footnotes":""},"categories":[2],"tags":[],"class_list":["post-8713","post","type-post","status-publish","format-standard","has-post-thumbnail","hentry","category-altalanos"],"aioseo_notices":[],"_links":{"self":[{"href":"https:\/\/online-filmkatarzis.com\/kucko\/wp-json\/wp\/v2\/posts\/8713","targetHints":{"allow":["GET"]}}],"collection":[{"href":"https:\/\/online-filmkatarzis.com\/kucko\/wp-json\/wp\/v2\/posts"}],"about":[{"href":"https:\/\/online-filmkatarzis.com\/kucko\/wp-json\/wp\/v2\/types\/post"}],"author":[{"embeddable":true,"href":"https:\/\/online-filmkatarzis.com\/kucko\/wp-json\/wp\/v2\/users\/1"}],"replies":[{"embeddable":true,"href":"https:\/\/online-filmkatarzis.com\/kucko\/wp-json\/wp\/v2\/comments?post=8713"}],"version-history":[{"count":2,"href":"https:\/\/online-filmkatarzis.com\/kucko\/wp-json\/wp\/v2\/posts\/8713\/revisions"}],"predecessor-version":[{"id":8723,"href":"https:\/\/online-filmkatarzis.com\/kucko\/wp-json\/wp\/v2\/posts\/8713\/revisions\/8723"}],"wp:featuredmedia":[{"embeddable":true,"href":"https:\/\/online-filmkatarzis.com\/kucko\/wp-json\/wp\/v2\/media\/8714"}],"wp:attachment":[{"href":"https:\/\/online-filmkatarzis.com\/kucko\/wp-json\/wp\/v2\/media?parent=8713"}],"wp:term":[{"taxonomy":"category","embeddable":true,"href":"https:\/\/online-filmkatarzis.com\/kucko\/wp-json\/wp\/v2\/categories?post=8713"},{"taxonomy":"post_tag","embeddable":true,"href":"https:\/\/online-filmkatarzis.com\/kucko\/wp-json\/wp\/v2\/tags?post=8713"}],"curies":[{"name":"wp","href":"https:\/\/api.w.org\/{rel}","templated":true}]}}