{"id":8781,"date":"2025-12-10T17:40:24","date_gmt":"2025-12-10T16:40:24","guid":{"rendered":"https:\/\/online-filmkatarzis.com\/kucko\/?p=8781"},"modified":"2025-12-10T17:43:56","modified_gmt":"2025-12-10T16:43:56","slug":"ebbe-halt-bele-balazs-peter","status":"publish","type":"post","link":"https:\/\/online-filmkatarzis.com\/kucko\/ebbe-halt-bele-balazs-peter\/","title":{"rendered":"Ebbe halt bele Bal\u00e1zs P\u00e9ter"},"content":{"rendered":"<h3>Megr\u00e1z\u00f3 reggelre \u00e9bredt tegnap Magyarorsz\u00e1g: 82 \u00e9ves kor\u00e1ban elhunyt Bal\u00e1zs P\u00e9ter, a nemzet egyik legkedveltebb sz\u00ednm\u0171v\u00e9sze, szinkronhangja \u00e9s sz\u00ednh\u00e1zigazgat\u00f3ja. A h\u00edr \u00fagy s\u00f6p\u00f6rt v\u00e9gig az orsz\u00e1gon, mint egy vill\u00e1mcsap\u00e1s: senki nem akarta elhinni, hogy a mindig mosolyg\u00f3s, \u00f6r\u00f6kmozg\u00f3 m\u0171v\u00e9sz m\u00e1r nincs k\u00f6zt\u00fcnk.<br \/>\nA k\u00e9rd\u00e9s ott vibr\u00e1lt minden rajong\u00f3 fej\u00e9ben: mi az, ami m\u00e9g a legend\u00e1kat is legy\u0151zi?<br \/>\nERR\u0150L SENKI SEM BESZ\u00c9LT! MUTATJUK A R\u00c9SZLETEKET!<\/h3>\n<h3><span style=\"color: #ff0000;\"><strong>A h\u00edr nem \u00e9rt v\u00e9get! Folytat\u00e1shoz haszn\u00e1ld a K\u00d6VETKEZ\u0150 OLDAL gombot!<\/strong><\/span><\/h3>\n<h3><strong><!--nextpage--><\/strong><\/h3>\n<h3>Az elm\u00falt h\u00f3napok \u00e1rulkod\u00f3 jeleit m\u00e1r csak most \u00e9rtj\u00fck igaz\u00e1n. Bal\u00e1zs P\u00e9ter nemr\u00e9g nyilatkozta:<br \/>\n\u201eFogy az er\u0151m\u2026 pedig m\u00e9g szeretn\u00e9k \u00e9lni.\u201d Ekkor m\u00e9g kevesen vett\u00e9k komolyan a vallom\u00e1s\u00e1t \u2014 mindenki azt hitte, csak m\u00fal\u00f3 rosszull\u00e9t, egy \u00e1tmeneti testi gyenges\u00e9g. Csakhogy nem az volt. A bar\u00e1tok szerint gyorsan, alattomosan, k\u00f6ny\u00f6rtelen\u00fcl romlott az \u00e1llapota. Egyre t\u00f6bbet volt k\u00f3rh\u00e1zban, egyre ritk\u00e1bban jelent meg nyilv\u00e1nosan.<br \/>\nA hossz\u00fa ideje tart\u00f3, alattomos betegs\u00e9g t\u00e1madta meg a szervezet\u00e9t, amely h\u00f3napr\u00f3l h\u00f3napra elvette minden erej\u00e9t.<br \/>\nA m\u0171v\u00e9sz utols\u00f3 id\u0151szak\u00e1ban sokat fogyott, gyeng\u00e9v\u00e9 v\u00e1lt, \u00e9s b\u00e1r k\u00fczd\u00f6tt, ahogy csak tudott, a betegs\u00e9ggel szemben v\u00e9g\u00fcl nem maradt es\u00e9lye.<br \/>\nA PILLANAT, AMIKOR MINDEN ELVESZETT<\/h3>\n<h3><span style=\"color: #ff0000;\"><strong>A h\u00edr nem \u00e9rt v\u00e9get! Folytat\u00e1shoz haszn\u00e1ld a K\u00d6VETKEZ\u0150 OLDAL gombot!<\/strong><\/span><\/h3>\n<h3><strong><!--nextpage--><\/strong><\/h3>\n<h3>\u00c9s most m\u00e1r biztos: ez a s\u00falyos, gyorsan roml\u00f3 betegs\u00e9g volt az, ami v\u00e9gzett Bal\u00e1zs P\u00e9terrel.<br \/>\nNem baleset, nem hirtelen rosszull\u00e9t \u2014 hanem egy hossz\u00fa, alattomos k\u00f3r, amely v\u00e9g\u00fcl legy\u0151zte m\u00e9g \u0151t is, a mindig \u00e9letvid\u00e1m, hatalmas lelk\u0171 m\u0171v\u00e9szt.<br \/>\nA sz\u00ednh\u00e1zak ma s\u00f6t\u00e9tebbnek t\u0171nnek. A n\u00e9z\u0151k ma nehezebb sz\u00edvvel gondolnak vissza a felejthetetlen szerepekre, azokra a rajzfilmfigur\u00e1kra, amelyeket \u0151 tett felejthetetlenn\u00e9, \u00e9s arra a hangra, amely n\u00e9lk\u00fcl n\u0151tt fel egy teljes orsz\u00e1g. A f\u00e1jdalmas igazs\u00e1g mostanra v\u00e1lt teljesen vil\u00e1goss\u00e1:<br \/>\nEbbe halt bele Bal\u00e1zs P\u00e9ter \u2014 egy k\u00f6ny\u00f6rtelen betegs\u00e9gbe, amely csendben, lassan, k\/gy\/tlen\u00fcl vette el t\u0151l\u00fcnk a magyar kult\u00fara egyik legnagyobb alakj\u00e1t.<\/h3>\n<p>VIA MSN<\/p>\n","protected":false},"excerpt":{"rendered":"<p>Megr\u00e1z\u00f3 reggelre \u00e9bredt tegnap Magyarorsz\u00e1g: 82 \u00e9ves kor\u00e1ban elhunyt Bal\u00e1zs P\u00e9ter, a nemzet egyik legkedveltebb sz\u00ednm\u0171v\u00e9sze, szinkronhangja \u00e9s sz\u00ednh\u00e1zigazgat\u00f3ja. A h\u00edr \u00fagy s\u00f6p\u00f6rt v\u00e9gig az orsz\u00e1gon, mint egy vill\u00e1mcsap\u00e1s: senki nem akarta&#8230;<\/p>\n","protected":false},"author":1,"featured_media":8782,"comment_status":"open","ping_status":"open","sticky":false,"template":"","format":"standard","meta":{"footnotes":""},"categories":[2],"tags":[],"class_list":["post-8781","post","type-post","status-publish","format-standard","has-post-thumbnail","hentry","category-altalanos"],"aioseo_notices":[],"_links":{"self":[{"href":"https:\/\/online-filmkatarzis.com\/kucko\/wp-json\/wp\/v2\/posts\/8781","targetHints":{"allow":["GET"]}}],"collection":[{"href":"https:\/\/online-filmkatarzis.com\/kucko\/wp-json\/wp\/v2\/posts"}],"about":[{"href":"https:\/\/online-filmkatarzis.com\/kucko\/wp-json\/wp\/v2\/types\/post"}],"author":[{"embeddable":true,"href":"https:\/\/online-filmkatarzis.com\/kucko\/wp-json\/wp\/v2\/users\/1"}],"replies":[{"embeddable":true,"href":"https:\/\/online-filmkatarzis.com\/kucko\/wp-json\/wp\/v2\/comments?post=8781"}],"version-history":[{"count":2,"href":"https:\/\/online-filmkatarzis.com\/kucko\/wp-json\/wp\/v2\/posts\/8781\/revisions"}],"predecessor-version":[{"id":8784,"href":"https:\/\/online-filmkatarzis.com\/kucko\/wp-json\/wp\/v2\/posts\/8781\/revisions\/8784"}],"wp:featuredmedia":[{"embeddable":true,"href":"https:\/\/online-filmkatarzis.com\/kucko\/wp-json\/wp\/v2\/media\/8782"}],"wp:attachment":[{"href":"https:\/\/online-filmkatarzis.com\/kucko\/wp-json\/wp\/v2\/media?parent=8781"}],"wp:term":[{"taxonomy":"category","embeddable":true,"href":"https:\/\/online-filmkatarzis.com\/kucko\/wp-json\/wp\/v2\/categories?post=8781"},{"taxonomy":"post_tag","embeddable":true,"href":"https:\/\/online-filmkatarzis.com\/kucko\/wp-json\/wp\/v2\/tags?post=8781"}],"curies":[{"name":"wp","href":"https:\/\/api.w.org\/{rel}","templated":true}]}}