{"id":8785,"date":"2025-12-10T19:05:19","date_gmt":"2025-12-10T18:05:19","guid":{"rendered":"https:\/\/online-filmkatarzis.com\/kucko\/?p=8785"},"modified":"2025-12-12T07:11:57","modified_gmt":"2025-12-12T06:11:57","slug":"milo-viki-elete-parja","status":"publish","type":"post","link":"https:\/\/online-filmkatarzis.com\/kucko\/milo-viki-elete-parja\/","title":{"rendered":"Mil\u00f3 Viki \u00e9lete p\u00e1rja!"},"content":{"rendered":"<h3>Tal\u00e1n senkit nem lep meg, hogy hivatalosan is v\u00e9get \u00e9rt Mil\u00f3 Viki h\u00e1zass\u00e1ga. A H\u00e1zass\u00e1g els\u0151 l\u00e1t\u00e1sra c\u00edm\u0171 m\u0171sor harmadik \u00e9vad\u00e1ban vakon ment olt\u00e1r el\u00e9 a vil\u00e1gbajnok \u00f6k\u00f6lv\u00edv\u00f3, \u00e1m az es\u00e9ly sem hozta meg a v\u00e1rt boldogs\u00e1got \u2014 a be\u00edg\u00e9rt k\u00f6z\u00f6s j\u00f6v\u0151 elmaradt. Kapcsolatuk volt f\u00e9rj\u00e9vel, Janicsek Attila-val m\u00e1r a kezdetekt\u0151l d\u00f6c\u00f6g\u00f6tt, \u00e9s Viki viszonylag hamar tudatta: nem k\u00edv\u00e1n folytat\u00e1st.<br \/>\n\u00c9s most: pap\u00edron is elv\u00e1ltak.<br \/>\nMil\u00f3 Viki megtal\u00e1lta \u00e9lete p\u00e1rj\u00e1t! MUTATJUK!<\/h3>\n<h3><span style=\"color: #ff0000;\"><strong>A h\u00edr nem \u00e9rt v\u00e9get! Folytat\u00e1shoz haszn\u00e1ld a K\u00d6VETKEZ\u0150 OLDAL gombot!<\/strong><\/span><\/h3>\n<h3><strong><!--nextpage--><\/strong><\/h3>\n<h3>Viki egy hat\u00e1rozott beismer\u00e9ssel sokakat megd\u00f6bbentett: a sors olyan ir\u00e1nyt vett, amire kevesen sz\u00e1m\u00edtottak. Elmes\u00e9lte, hogy az \u00e9lete egy kor\u00e1bbi f\u00e9rfija \u2014 akir\u0151l kor\u00e1bban azt hitte, hogy egyszer\u0171en \u201cnem az \u0151 t\u00edpus\u201d \u2014 h\u00e1rom h\u00f3nap ut\u00e1n m\u00e9gis \u00f3ri\u00e1si szerelemm\u00e9 v\u00e1lt. \u201eVoltak k\u00e9ts\u00e9geim\u2026 nem \u00fagy n\u00e9zett ki, mint amit elk\u00e9pzeltem. De amikor megismertem, levett a l\u00e1bamr\u00f3l. Olyan intelligens, \u00e9rtelmes f\u00e9rfi volt, akinek az \u00e9letvitele, a munk\u00e1ja teljesen mag\u00e1val ragadott\u201d \u2014 vallotta Viki.<br \/>\n\u00c9s ekkor j\u00f6tt a fordulat: Viki elismerte, hogy az a f\u00e9rfi nem m\u00e1s, mint:<\/h3>\n<h3><span style=\"color: #ff0000;\"><strong>A h\u00edr nem \u00e9rt v\u00e9get! Folytat\u00e1shoz haszn\u00e1ld a K\u00d6VETKEZ\u0150 OLDAL gombot!<\/strong><\/span><\/h3>\n<h3><strong><!--nextpage--><\/strong><\/h3>\n<h3>Viki elismerte, hogy az a f\u00e9rfi nem m\u00e1s, mint az a k\u00f6z\u00e9leti szem\u00e9lyis\u00e9g, akinek kor\u00e1bban volt kapcsolata a j\u00f3l ismert modell-celebbel, Zim\u00e1ny Linda-val.<br \/>\nA bulv\u00e1r-vil\u00e1g azonnal felkapta a sztorit: \u201eHopp\u00e1, Zim\u00e1ny Linda ex\u00e9vel j\u00f6tt \u00f6ssze Mil\u00f3 Viki!\u201d \u2014 \u00edrt\u00e1k egybehangz\u00f3an.<br \/>\nSokan d\u00f6bbenten k\u00e9rdezik: \u201eDe mit keres Viki annak a f\u00e9rfinak az oldal\u00e1n, akinek egykor Linda volt a p\u00e1rja?\u201d Viki szerint nem a m\u00falt sz\u00e1m\u00edt \u2014 az sz\u00e1m\u00edt, ki az ember, \u00e9s mit k\u00e9pvisel. Az \u00e9rzelmek kisz\u00e1m\u00edthatatlanok \u2014 \u00e9s \u00e9let\u00fcnk n\u00e9ha az utols\u00f3 helyen hagyott lapokat is \u00fajra osztja.<br \/>\nA dolgok mostans\u00e1g alakulnak, a r\u00e9szletek hom\u00e1lyosak \u2014 de az biztos: ez a t\u00f6rt\u00e9net messze nem \u00e9rt v\u00e9get.<\/h3>\n<p>VIA RDit<\/p>\n","protected":false},"excerpt":{"rendered":"<p>Tal\u00e1n senkit nem lep meg, hogy hivatalosan is v\u00e9get \u00e9rt Mil\u00f3 Viki h\u00e1zass\u00e1ga. A H\u00e1zass\u00e1g els\u0151 l\u00e1t\u00e1sra c\u00edm\u0171 m\u0171sor harmadik \u00e9vad\u00e1ban vakon ment olt\u00e1r el\u00e9 a vil\u00e1gbajnok \u00f6k\u00f6lv\u00edv\u00f3, \u00e1m az es\u00e9ly sem&#8230;<\/p>\n","protected":false},"author":1,"featured_media":8786,"comment_status":"open","ping_status":"open","sticky":false,"template":"","format":"standard","meta":{"footnotes":""},"categories":[2],"tags":[],"class_list":["post-8785","post","type-post","status-publish","format-standard","has-post-thumbnail","hentry","category-altalanos"],"aioseo_notices":[],"_links":{"self":[{"href":"https:\/\/online-filmkatarzis.com\/kucko\/wp-json\/wp\/v2\/posts\/8785","targetHints":{"allow":["GET"]}}],"collection":[{"href":"https:\/\/online-filmkatarzis.com\/kucko\/wp-json\/wp\/v2\/posts"}],"about":[{"href":"https:\/\/online-filmkatarzis.com\/kucko\/wp-json\/wp\/v2\/types\/post"}],"author":[{"embeddable":true,"href":"https:\/\/online-filmkatarzis.com\/kucko\/wp-json\/wp\/v2\/users\/1"}],"replies":[{"embeddable":true,"href":"https:\/\/online-filmkatarzis.com\/kucko\/wp-json\/wp\/v2\/comments?post=8785"}],"version-history":[{"count":4,"href":"https:\/\/online-filmkatarzis.com\/kucko\/wp-json\/wp\/v2\/posts\/8785\/revisions"}],"predecessor-version":[{"id":8819,"href":"https:\/\/online-filmkatarzis.com\/kucko\/wp-json\/wp\/v2\/posts\/8785\/revisions\/8819"}],"wp:featuredmedia":[{"embeddable":true,"href":"https:\/\/online-filmkatarzis.com\/kucko\/wp-json\/wp\/v2\/media\/8786"}],"wp:attachment":[{"href":"https:\/\/online-filmkatarzis.com\/kucko\/wp-json\/wp\/v2\/media?parent=8785"}],"wp:term":[{"taxonomy":"category","embeddable":true,"href":"https:\/\/online-filmkatarzis.com\/kucko\/wp-json\/wp\/v2\/categories?post=8785"},{"taxonomy":"post_tag","embeddable":true,"href":"https:\/\/online-filmkatarzis.com\/kucko\/wp-json\/wp\/v2\/tags?post=8785"}],"curies":[{"name":"wp","href":"https:\/\/api.w.org\/{rel}","templated":true}]}}