{"id":8791,"date":"2025-12-10T21:17:26","date_gmt":"2025-12-10T20:17:26","guid":{"rendered":"https:\/\/online-filmkatarzis.com\/kucko\/?p=8791"},"modified":"2025-12-12T06:45:06","modified_gmt":"2025-12-12T05:45:06","slug":"nyilatkozata-miatt-kirugtak-nagy-ervint","status":"publish","type":"post","link":"https:\/\/online-filmkatarzis.com\/kucko\/nyilatkozata-miatt-kirugtak-nagy-ervint\/","title":{"rendered":"Nyilatkozata miatt kir\u00fagt\u00e1k Nagy Ervint!"},"content":{"rendered":"<h3>Elt\u0171nt. Egyszer\u0171en felsz\u00edv\u00f3dott a magyar telev\u00edzi\u00f3z\u00e1s egyik legkarakteresebb szt\u00e1rja. Nagy Ervin, aki \u00e9veken \u00e1t az RTL egyik h\u00faz\u00f3neve volt, ma m\u00e1r szinte l\u00e1thatatlan: nincs m\u0171sor, nincs sorozat, nincs megh\u00edv\u00e1s \u2013 mintha valaki egyetlen tollvon\u00e1ssal \u00e1t\u00edrta volna a p\u00e1ly\u00e1j\u00e1t. A rajong\u00f3k tal\u00e1lgatnak, a szakma suttog, a sz\u00edn\u00e9sz pedig d\u00f6bbenten figyeli, ahogy ki\u00fcr\u00fcl a napt\u00e1ra. Mindenki ugyanazt k\u00e9rdezi: v\u00e9letlen lenne? Vagy valaki(k)nek \u00fatban volt?<br \/>\nMUTATJUK A R\u00c9SZLETEKET!<\/h3>\n<h3><span style=\"color: #ff0000;\"><strong>A h\u00edr nem \u00e9rt v\u00e9get! Folytat\u00e1shoz haszn\u00e1ld a K\u00d6VETKEZ\u0150 OLDAL gombot!<\/strong><\/span><\/h3>\n<h3><strong><!--nextpage--><\/strong><\/h3>\n<h3>Egy friss interj\u00faban Nagy Ervin kimondta azt, amit sokan csak sejtettek: t\u00f6bb lett a szabadideje, mint a munk\u00e1ja \u2013 nem az\u00e9rt, mert \u00edgy akarta, hanem mert \u201celv\u00e1gt\u00e1k a lehet\u0151s\u00e9geit\u201d. A sz\u00edn\u00e9sz \u00fagy \u00e9rzi, hogy ami\u00f3ta t\u00e1rsadalmi, k\u00e9nyes t\u00e9m\u00e1kr\u00f3l mert hangosan besz\u00e9lni, bizonyos helyeken hirtelen \u201enemk\u00edv\u00e1natoss\u00e1\u201d v\u00e1lt.<br \/>\n\u00c9s ott az RTL\u2026 A Kir\u00e1ly c\u00edm\u0171 sorozat hatalmas siker volt, d\u00edjakkal, n\u00e9zetts\u00e9ggel, szakmai elismer\u00e9sekkel \u2013 a csatorna m\u00e9g csak egy sz\u00f3t sem sz\u00f3lt. Se gratul\u00e1ci\u00f3, se t\u00e1mogat\u00e1s, se elismer\u00e9s. Mintha nem is l\u00e9tezett volna.<br \/>\nNagy Ervin azt mondja: \u201e\u0150k elfelejtettek engem.\u201d De vajon MI\u00c9RT?<br \/>\nEZ \u00c1LL A H\u00c1TT\u00c9RBEN:<\/h3>\n<h3><span style=\"color: #ff0000;\"><strong>A h\u00edr nem \u00e9rt v\u00e9get! Folytat\u00e1shoz haszn\u00e1ld a K\u00d6VETKEZ\u0150 OLDAL gombot!<\/strong><\/span><\/h3>\n<h3><strong><!--nextpage--><\/strong><\/h3>\n<h3>A h\u00e1tt\u00e9rben \u2013 legal\u00e1bbis a sz\u00edn\u00e9sz szerint \u2013 politikai megfontol\u00e1sok \u00e9s piaci f\u00e9lelmek kavarognak. A pletyk\u00e1k szerint t\u00f6bb helyen is azt suttogj\u00e1k: Nagy Ervin t\u00fal hangos, t\u00fal mark\u00e1ns, t\u00fal \u0151szinte lett. \u00c9s ez valakiknek nagyon nem tetszett.<br \/>\nEgyes k\u00f6r\u00f6kben azt is rebesgetik: ami\u00f3ta Ervin \u00e9s a Magyar P\u00e9ter k\u00f6r\u00fcli k\u00f6z\u00e9leti hull\u00e1mok egy lapon eml\u00edt\u0151dtek, t\u00f6bb csatorn\u00e1n\u00e1l elkezdtek \u00f3vatosabb\u00e1 v\u00e1lni. Mintha valaki azt mondta volna:<br \/>\n\u2013 \u201eNem kell most balh\u00e9, h\u00fazzuk ki a nev\u00e9t.\u201d A sz\u00edn\u00e9sz \u00fagy \u00e9rzi, mintha \u201efeketelist\u00e1ra\u201d tett\u00e9k volna \u2013 mintha egy v\u00e9lem\u00e9ny, egy ki\u00e1ll\u00e1s, vagy egy rosszkor kimondott mondat eld\u00f6nt\u00f6tte volna a sors\u00e1t. Vajon t\u00e9nyleg Magyar P\u00e9ter k\u00f6r\u00fcli fesz\u00fclts\u00e9gek miatt lett k\u00ednos figura?<br \/>\nVagy egyszer\u0171en t\u00fal er\u0151s lett a szem\u00e9lyis\u00e9ge a csatorn\u00e1nak?<br \/>\nA v\u00e1laszra mindenki v\u00e1r\u2026 de az biztos: ilyen l\u00e1tv\u00e1nyos elt\u0171n\u00e9s ritk\u00e1n t\u00f6rt\u00e9nik v\u00e9letlen\u00fcl.<\/h3>\n<p>VIA Blikk<\/p>\n","protected":false},"excerpt":{"rendered":"<p>Elt\u0171nt. Egyszer\u0171en felsz\u00edv\u00f3dott a magyar telev\u00edzi\u00f3z\u00e1s egyik legkarakteresebb szt\u00e1rja. Nagy Ervin, aki \u00e9veken \u00e1t az RTL egyik h\u00faz\u00f3neve volt, ma m\u00e1r szinte l\u00e1thatatlan: nincs m\u0171sor, nincs sorozat, nincs megh\u00edv\u00e1s \u2013 mintha valaki&#8230;<\/p>\n","protected":false},"author":1,"featured_media":8792,"comment_status":"open","ping_status":"open","sticky":false,"template":"","format":"standard","meta":{"footnotes":""},"categories":[2],"tags":[],"class_list":["post-8791","post","type-post","status-publish","format-standard","has-post-thumbnail","hentry","category-altalanos"],"aioseo_notices":[],"_links":{"self":[{"href":"https:\/\/online-filmkatarzis.com\/kucko\/wp-json\/wp\/v2\/posts\/8791","targetHints":{"allow":["GET"]}}],"collection":[{"href":"https:\/\/online-filmkatarzis.com\/kucko\/wp-json\/wp\/v2\/posts"}],"about":[{"href":"https:\/\/online-filmkatarzis.com\/kucko\/wp-json\/wp\/v2\/types\/post"}],"author":[{"embeddable":true,"href":"https:\/\/online-filmkatarzis.com\/kucko\/wp-json\/wp\/v2\/users\/1"}],"replies":[{"embeddable":true,"href":"https:\/\/online-filmkatarzis.com\/kucko\/wp-json\/wp\/v2\/comments?post=8791"}],"version-history":[{"count":5,"href":"https:\/\/online-filmkatarzis.com\/kucko\/wp-json\/wp\/v2\/posts\/8791\/revisions"}],"predecessor-version":[{"id":8817,"href":"https:\/\/online-filmkatarzis.com\/kucko\/wp-json\/wp\/v2\/posts\/8791\/revisions\/8817"}],"wp:featuredmedia":[{"embeddable":true,"href":"https:\/\/online-filmkatarzis.com\/kucko\/wp-json\/wp\/v2\/media\/8792"}],"wp:attachment":[{"href":"https:\/\/online-filmkatarzis.com\/kucko\/wp-json\/wp\/v2\/media?parent=8791"}],"wp:term":[{"taxonomy":"category","embeddable":true,"href":"https:\/\/online-filmkatarzis.com\/kucko\/wp-json\/wp\/v2\/categories?post=8791"},{"taxonomy":"post_tag","embeddable":true,"href":"https:\/\/online-filmkatarzis.com\/kucko\/wp-json\/wp\/v2\/tags?post=8791"}],"curies":[{"name":"wp","href":"https:\/\/api.w.org\/{rel}","templated":true}]}}