{"id":8810,"date":"2025-12-11T19:22:45","date_gmt":"2025-12-11T18:22:45","guid":{"rendered":"https:\/\/online-filmkatarzis.com\/kucko\/?p=8810"},"modified":"2025-12-11T19:46:34","modified_gmt":"2025-12-11T18:46:34","slug":"kitalalt-adam-attila-edesapja-curtisrol","status":"publish","type":"post","link":"https:\/\/online-filmkatarzis.com\/kucko\/kitalalt-adam-attila-edesapja-curtisrol\/","title":{"rendered":"Kit\u00e1lalt \u00c1d\u00e1m Attila \u00e9desapja Curtisr\u0151l"},"content":{"rendered":"<h3>Mik\u00f6zben a Megaszt\u00e1r 2025 m\u00e1r \u00edgy is b\u0151ven tartogatott dr\u00e1m\u00e1t, egy konfliktus minden botr\u00e1nyt \u00fcberelt: \u00c1d\u00e1m Attila \u00e9s Curtis \u00f6sszecsap\u00e1sa. A n\u00e9z\u0151k h\u00f3napokig tal\u00e1lgatt\u00e1k, mi t\u00f6rt\u00e9nhetett a kulissz\u00e1k m\u00f6g\u00f6tt, mi\u00e9rt volt olyan dermedt a hangulat, \u00e9s hogyan jutott od\u00e1ig a helyzet, hogy az egyik versenyz\u0151 majdnem kisz\u00e1llt, egy zs\u0171ritag pedig majdnem be sem \u00fclt az ad\u00e1sba.<br \/>\nMost azonban megt\u00f6rt a csend. Megsz\u00f3lalt \u00c1d\u00e1m Attila \u00e9desapja, \u00e9s olyan r\u00e9szleteket mondott ki, amelyek mindenkit sokkoltak \u2013 olyasmit, amit a m\u0171sorban senki sem mert kimondani.<\/h3>\n<h3><span style=\"color: #ff0000;\"><strong>A h\u00edr nem \u00e9rt v\u00e9get! Folytat\u00e1shoz haszn\u00e1ld a K\u00d6VETKEZ\u0150 OLDAL gombot!<\/strong><\/span><\/h3>\n<h3><strong><!--nextpage--><\/strong><\/h3>\n<h3>A fesz\u00fclts\u00e9g akkor robbant be a k\u00f6ztudatba, amikor a v\u00e1logat\u00f3kon Curtis kem\u00e9nyen besz\u00f3lt a fi\u00fanak, s\u0151t haza is k\u00fcldte volna \u2013 \u00e1m Herceg Erika megmentette, \u00e9s tov\u00e1bbvitte a saj\u00e1t csapat\u00e1ba.<br \/>\nInnen m\u00e1r nem volt vissza\u00fat: a rajong\u00f3k felh\u00e1borodtak, a csal\u00e1d m\u00e9lyen \u00e9rintett lett, a h\u00e1tt\u00e9rben pedig olyan indulatok szabadultak el, hogy<br \/>\n\u2013 Curtis egy ad\u00e1sba be sem akart \u00fclni,<br \/>\n\u2013 Attila s\u00edrva fontolgatta, hogy feladja a versenyt.<br \/>\nHetekig csak tal\u00e1lgatni lehetett, mi zajlik a kulissz\u00e1k m\u00f6g\u00f6tt, \u00e9s mi\u00e9rt forr ennyire a leveg\u0151. A n\u00e9z\u0151k azt hitt\u00e9k, enn\u00e9l m\u00e9lyebbre m\u00e1r nem s\u00fcllyedhet a konfliktus\u2026 de most kider\u00fclt, hogy a val\u00f3s\u00e1g m\u00e9g enn\u00e9l is dr\u00e1maibb volt:<\/h3>\n<h3><span style=\"color: #ff0000;\"><strong>A h\u00edr nem \u00e9rt v\u00e9get! Folytat\u00e1shoz haszn\u00e1ld a K\u00d6VETKEZ\u0150 OLDAL gombot!<\/strong><\/span><\/h3>\n<h3><strong><!--nextpage--><\/strong><\/h3>\n<h3>A fin\u00e1l\u00e9 ut\u00e1n a Bors mikrofonv\u00e9gre kapta \u00c1d\u00e1m Attila \u00e9desapj\u00e1t, aki v\u00e9gre elmondta az igazat.<br \/>\n\u201eTiszt\u00e1ztunk mindent\u2026\u201d \u2013 kezdte, majd hozz\u00e1tette: a m\u0171sor fesz\u00fclts\u00e9g\u00e9ben mindk\u00e9t f\u00e9l mondott olyat, amit nem kellett volna. De ami ezut\u00e1n j\u00f6tt, arra senki sem volt felk\u00e9sz\u00fclve.<br \/>\n\u201eNincsen semmi probl\u00e9ma k\u00f6zt\u00fcnk. Curtis felaj\u00e1nlotta, hogy seg\u00edt Attik\u00e1nak a j\u00f6v\u0151ben. Pozit\u00edvan csal\u00f3dtam.\u201d<br \/>\nA f\u00e9rfi \u2013 aki maga is \u00e9nekes \u2013 m\u00e9g meg is dics\u00e9rte Curtist, ami hatalmas fordulat ahhoz k\u00e9pest, hogy hetekig azt hitt\u00e9k, \u0151k ketten sz\u00f3ba sem \u00e1llnak egym\u00e1ssal.<br \/>\nA botr\u00e1ny lez\u00e1rult. A fesz\u00fclts\u00e9g elsz\u00e1llt.<br \/>\nS\u0151t\u2026 Curtis most m\u00e1r t\u00e1mogatni akarja Attil\u00e1t, akinek zenei karrierje \u00edgy ak\u00e1r k\u00f6z\u00f6s \u00faton is folytat\u00f3dhat.<br \/>\n\u00c1d\u00e1m Attila el\u0151tt hatalmas lehet\u0151s\u00e9g \u00e1ll \u2013 \u00e9s ezt most m\u00e1r a saj\u00e1t \u00e9desapja is \u00fagy l\u00e1tja: a t\u00f6rt\u00e9net v\u00e9get \u00e9rt, m\u00e9ghozz\u00e1 d\u00f6bbenetesen b\u00e9k\u00e9s hangon.<\/h3>\n<p>VIA Bors<\/p>\n","protected":false},"excerpt":{"rendered":"<p>Mik\u00f6zben a Megaszt\u00e1r 2025 m\u00e1r \u00edgy is b\u0151ven tartogatott dr\u00e1m\u00e1t, egy konfliktus minden botr\u00e1nyt \u00fcberelt: \u00c1d\u00e1m Attila \u00e9s Curtis \u00f6sszecsap\u00e1sa. A n\u00e9z\u0151k h\u00f3napokig tal\u00e1lgatt\u00e1k, mi t\u00f6rt\u00e9nhetett a kulissz\u00e1k m\u00f6g\u00f6tt, mi\u00e9rt volt olyan&#8230;<\/p>\n","protected":false},"author":1,"featured_media":8811,"comment_status":"open","ping_status":"open","sticky":false,"template":"","format":"standard","meta":{"footnotes":""},"categories":[2],"tags":[],"class_list":["post-8810","post","type-post","status-publish","format-standard","has-post-thumbnail","hentry","category-altalanos"],"aioseo_notices":[],"_links":{"self":[{"href":"https:\/\/online-filmkatarzis.com\/kucko\/wp-json\/wp\/v2\/posts\/8810","targetHints":{"allow":["GET"]}}],"collection":[{"href":"https:\/\/online-filmkatarzis.com\/kucko\/wp-json\/wp\/v2\/posts"}],"about":[{"href":"https:\/\/online-filmkatarzis.com\/kucko\/wp-json\/wp\/v2\/types\/post"}],"author":[{"embeddable":true,"href":"https:\/\/online-filmkatarzis.com\/kucko\/wp-json\/wp\/v2\/users\/1"}],"replies":[{"embeddable":true,"href":"https:\/\/online-filmkatarzis.com\/kucko\/wp-json\/wp\/v2\/comments?post=8810"}],"version-history":[{"count":2,"href":"https:\/\/online-filmkatarzis.com\/kucko\/wp-json\/wp\/v2\/posts\/8810\/revisions"}],"predecessor-version":[{"id":8813,"href":"https:\/\/online-filmkatarzis.com\/kucko\/wp-json\/wp\/v2\/posts\/8810\/revisions\/8813"}],"wp:featuredmedia":[{"embeddable":true,"href":"https:\/\/online-filmkatarzis.com\/kucko\/wp-json\/wp\/v2\/media\/8811"}],"wp:attachment":[{"href":"https:\/\/online-filmkatarzis.com\/kucko\/wp-json\/wp\/v2\/media?parent=8810"}],"wp:term":[{"taxonomy":"category","embeddable":true,"href":"https:\/\/online-filmkatarzis.com\/kucko\/wp-json\/wp\/v2\/categories?post=8810"},{"taxonomy":"post_tag","embeddable":true,"href":"https:\/\/online-filmkatarzis.com\/kucko\/wp-json\/wp\/v2\/tags?post=8810"}],"curies":[{"name":"wp","href":"https:\/\/api.w.org\/{rel}","templated":true}]}}