{"id":8863,"date":"2025-12-14T17:34:40","date_gmt":"2025-12-14T16:34:40","guid":{"rendered":"https:\/\/online-filmkatarzis.com\/kucko\/?p=8863"},"modified":"2025-12-15T13:20:28","modified_gmt":"2025-12-15T12:20:28","slug":"elveszitette-a-babat-notar-mary","status":"publish","type":"post","link":"https:\/\/online-filmkatarzis.com\/kucko\/elveszitette-a-babat-notar-mary\/","title":{"rendered":"Elvesz\u00edtette a bab\u00e1t N\u00f3t\u00e1r Mary!"},"content":{"rendered":"<h3>Sokk \u00e9s d\u00f6bbenet s\u00f6p\u00f6rt v\u00e9gig a rajong\u00f3kon, amikor N\u00f3t\u00e1r Mary egy gyerty\u00e1s, aranyt\u00e1bl\u00e1s fot\u00f3val jelentette be: elvesz\u00edtette a kisbab\u00e1j\u00e1t. A meghat\u00f3 k\u00e9p alatt mind\u00f6ssze ennyi \u00e1llt: \u201eAz \u00e9n kis angyalk\u00e1m\u201d A n\u00e9pszer\u0171 \u00e9nekesn\u0151 k\u00f6nnyek k\u00f6z\u00f6tt vallotta be a trag\u00e9di\u00e1t, \u00e9s ezrek fejezt\u00e9k ki egy\u00fctt\u00e9rz\u00e9s\u00fcket. \u00dagy t\u0171nt, a f\u00e1jdalmas poszt k\u00f6r\u00e9 csend telepszik\u2026 de ekkor t\u00f6rt\u00e9nt valami eg\u00e9szen v\u00e1ratlan.<br \/>\nMUTATJUK A R\u00c9SZLETEKET!<\/h3>\n<h3><span style=\"color: #ff0000;\"><strong>A h\u00edr nem \u00e9rt v\u00e9get! Folytat\u00e1shoz haszn\u00e1ld a K\u00d6VETKEZ\u0150 OLDAL gombot!<\/strong><\/span><\/h3>\n<h3 style=\"text-align: right;\"><a href=\"https:\/\/online-filmkatarzis.com\/kucko\/hirek\/elveszitette-a-babat-notar-mary\/\" target=\"_blank\" rel=\"noopener\"><span style=\"color: #ff0000;\">&#8212;&gt;&gt; K\u00d6VETKEZ\u0150 OLDAL<\/span><\/a><\/h3>\n<p>&#8211;<\/p>\n<p>Az aut\u00f3 Giorgio platformja tal\u00e1n nem teszi lehet\u0151v\u00e9 azt a fajta villamos\u00edt\u00e1st, amelyet m\u00e1s pr\u00e9mium m\u00e1rk\u00e1k alkalmaznak a k\u00f6z\u00e9pkateg\u00f3ri\u00e1s SUV-jaikban, de ez legal\u00e1bb alacsonyan tartja a Stelvio s\u00faly\u00e1t. Torino a lehet\u0151 legk\u00f6nnyebb s\u00falyt adja meg az aut\u00f3 sz\u00e1m\u00e1ra, a felszerelts\u00e9gi szintt\u0151l f\u00fcgg\u0151en, 1660 kg-ban. A 2,0 literes turb\u00f3felt\u00f6lt\u0151s benzinmotoros Veloce tesztaut\u00f3nk \u00fczemk\u00e9sz \u00e1llapotban \u00e9s f\u00e9l tankkal 1784 kg-ot nyomott. Egy olyan korban, amikor az ekkora SUV-ok rutinszer\u0171en meghaladj\u00e1k a k\u00e9t tonn\u00e1t plug-in hibridk\u00e9nt vagy elektromos j\u00e1rm\u0171k\u00e9nt, ez legal\u00e1bb egy kicsit biztat\u00f3 a j\u00f6v\u0151re n\u00e9zve.<\/p>\n<p>M\u00edg egykor h\u00e1rom benzin- \u00e9s tov\u00e1bbi k\u00e9t d\u00edzelmotor k\u00f6z\u00fcl lehetett v\u00e1lasztani a Stelvio eset\u00e9ben, m\u00e1ra \u00f6sszesen csak h\u00e1rom k\u00f6z\u00fcl lehet v\u00e1lasztani: egy 207 l\u00f3er\u0151s 2,1 literes turb\u00f3d\u00edzel, a cs\u00facsmodell Quadrifoglio turb\u00f3felt\u00f6lt\u0151s V6-os motorja \u00e9s a tesztel\u00e9sre v\u00e1lasztott 276 l\u00f3er\u0151s 2,0 literes turb\u00f3felt\u00f6lt\u0151s benzinmotor.<\/p>\n<p>Mindegyik nyolcfokozat\u00fa automata sebess\u00e9gv\u00e1lt\u00f3val \u00e9s Q4 m\u00e1rk\u00e1j\u00fa, kuplungalap\u00fa \u00f6sszker\u00e9khajt\u00e1ssal rendelkezik. Ez ut\u00f3bbi els\u0151sorban a h\u00e1ts\u00f3 tengelyre osztja el a nyomat\u00e9kot, majd r\u00e9szben az els\u0151 tengelyre, ak\u00e1r 50:50 ar\u00e1nyban is, ha megcs\u00fasz\u00e1st \u00e9szlel, vagy a kiv\u00e1lasztott DNA hajt\u00e1sm\u00f3d (Dinamikus, Term\u00e9szetes vagy Advanced Efficiency) szerint. A tesztaut\u00f3nkhoz hasonl\u00f3 Veloce-ban a h\u00e1ts\u00f3 tengelyen r\u00e9szlegesen \u00f6nz\u00e1r\u00f3 differenci\u00e1lm\u0171 is tal\u00e1lhat\u00f3.<\/p>\n<p>A teljesen f\u00fcggetlen felf\u00fcggeszt\u00e9s el\u00f6l kett\u0151s leng\u0151karokb\u00f3l, h\u00e1tul pedig egy szabadalmaztatott Alfalink n\u00e9gy \u00e9s f\u00e9l leng\u0151karos tengelyrendszerb\u0151l \u00e1ll. Az aut\u00f3 t\u00f6meg\u00e9t minden esetben ac\u00e9l tekercsrug\u00f3k biztos\u00edtj\u00e1k, hagyom\u00e1nyos els\u0151tengely-korm\u00e1nyz\u00e1ssal \u00e9s passz\u00edv keresztstabiliz\u00e1torral felszerelve. A k\u00fcl\u00f6nleges Competizione sorozat\u00fa aut\u00f3k adapt\u00edv leng\u00e9scsillap\u00edt\u00f3kkal is rendelkeznek, amelyek m\u00e1s m\u00f3don nem rendelhet\u0151k \u2013 \u00edgy tesztaut\u00f3nk lemaradt ezekr\u0151l.<\/p>\n","protected":false},"excerpt":{"rendered":"<p>Sokk \u00e9s d\u00f6bbenet s\u00f6p\u00f6rt v\u00e9gig a rajong\u00f3kon, amikor N\u00f3t\u00e1r Mary egy gyerty\u00e1s, aranyt\u00e1bl\u00e1s fot\u00f3val jelentette be: elvesz\u00edtette a kisbab\u00e1j\u00e1t. A meghat\u00f3 k\u00e9p alatt mind\u00f6ssze ennyi \u00e1llt: \u201eAz \u00e9n kis angyalk\u00e1m\u201d A n\u00e9pszer\u0171&#8230;<\/p>\n","protected":false},"author":1,"featured_media":8866,"comment_status":"open","ping_status":"open","sticky":false,"template":"","format":"standard","meta":{"footnotes":""},"categories":[2],"tags":[],"class_list":["post-8863","post","type-post","status-publish","format-standard","has-post-thumbnail","hentry","category-altalanos"],"aioseo_notices":[],"_links":{"self":[{"href":"https:\/\/online-filmkatarzis.com\/kucko\/wp-json\/wp\/v2\/posts\/8863","targetHints":{"allow":["GET"]}}],"collection":[{"href":"https:\/\/online-filmkatarzis.com\/kucko\/wp-json\/wp\/v2\/posts"}],"about":[{"href":"https:\/\/online-filmkatarzis.com\/kucko\/wp-json\/wp\/v2\/types\/post"}],"author":[{"embeddable":true,"href":"https:\/\/online-filmkatarzis.com\/kucko\/wp-json\/wp\/v2\/users\/1"}],"replies":[{"embeddable":true,"href":"https:\/\/online-filmkatarzis.com\/kucko\/wp-json\/wp\/v2\/comments?post=8863"}],"version-history":[{"count":3,"href":"https:\/\/online-filmkatarzis.com\/kucko\/wp-json\/wp\/v2\/posts\/8863\/revisions"}],"predecessor-version":[{"id":8880,"href":"https:\/\/online-filmkatarzis.com\/kucko\/wp-json\/wp\/v2\/posts\/8863\/revisions\/8880"}],"wp:featuredmedia":[{"embeddable":true,"href":"https:\/\/online-filmkatarzis.com\/kucko\/wp-json\/wp\/v2\/media\/8866"}],"wp:attachment":[{"href":"https:\/\/online-filmkatarzis.com\/kucko\/wp-json\/wp\/v2\/media?parent=8863"}],"wp:term":[{"taxonomy":"category","embeddable":true,"href":"https:\/\/online-filmkatarzis.com\/kucko\/wp-json\/wp\/v2\/categories?post=8863"},{"taxonomy":"post_tag","embeddable":true,"href":"https:\/\/online-filmkatarzis.com\/kucko\/wp-json\/wp\/v2\/tags?post=8863"}],"curies":[{"name":"wp","href":"https:\/\/api.w.org\/{rel}","templated":true}]}}