{"id":8870,"date":"2025-12-14T18:19:49","date_gmt":"2025-12-14T17:19:49","guid":{"rendered":"https:\/\/online-filmkatarzis.com\/kucko\/?p=8870"},"modified":"2025-12-15T11:40:44","modified_gmt":"2025-12-15T10:40:44","slug":"ezt-kerte-karacsonyra-orban-viktor","status":"publish","type":"post","link":"https:\/\/online-filmkatarzis.com\/kucko\/ezt-kerte-karacsonyra-orban-viktor\/","title":{"rendered":"Ezt k\u00e9rte kar\u00e1csonyra Orb\u00e1n Viktor"},"content":{"rendered":"<h3>H\u00f3napok \u00f3ta p\u00f6r\u00f6g a kamp\u00e1ny, minden fronton d\u00fcb\u00f6r\u00f6g a politikai adok-kapok, de arra tal\u00e1n senki sem sz\u00e1m\u00edtott, hogy \u00e9ppen egy gy\u0171l\u00e9s sz\u00ednpad\u00e1n t\u00f6rik meg a minisztereln\u00f6k hangja. A moh\u00e1csi rendezv\u00e9nyen ugyanis nemcsak a v\u00e1laszt\u00e1sok \u00e9s nemcsak a magyar sors ker\u00fclt sz\u00f3ba \u2013 hanem valami eg\u00e9szen szem\u00e9lyes. Orb\u00e1n Viktor, aki ritk\u00e1n enged bepillant\u00e1st a h\u00e9tk\u00f6znapjaiba, egyszer csak elcsendesedett\u2026 \u00e9s olyat mondott, amit\u0151l a k\u00f6z\u00f6ns\u00e9g n\u00e9ma csendben v\u00e1rta a folytat\u00e1st.<br \/>\nEzt k\u00e9rte kar\u00e1csonyra Orb\u00e1n Viktor:<\/h3>\n<h3><span style=\"color: #ff0000;\"><strong>A h\u00edr nem \u00e9rt v\u00e9get! Folytat\u00e1shoz haszn\u00e1ld a K\u00d6VETKEZ\u0150 OLDAL gombot!<\/strong><\/span><\/h3>\n<h3 style=\"text-align: right;\"><a href=\"https:\/\/online-filmkatarzis.com\/kucko\/hirek\/ezt-kerte-karacsonyra-orban-viktor\/\" target=\"_blank\" rel=\"noopener\"><span style=\"color: #ff0000;\">&#8212;&gt;&gt; K\u00d6VETKEZ\u0150 OLDAL<\/span><\/a><\/h3>\n<p>&#8211;<\/p>\n<p>Hogy az X-Trail elk\u00fcl\u00f6n\u00fclj\u00f6n kistestv\u00e9r\u00e9t\u0151l, az \u00faj T33 gener\u00e1ci\u00f3 n\u00e9mileg terepj\u00e1r\u00f3sabb st\u00edlussal rendelkezik. Ennek ellen\u00e9re lekerek\u00edtettebb von\u00e1sokkal rendelkezik, mint a Hyundai ragadoz\u00f3-h\u0171t\u00f6tt Tucsonja \u00e9s Santa Fe-je , illetve a v\u00e9sett \u00e1llkapcs\u00fa Kodiaqja .<br \/>\nMechanikailag azonban a Qashqai \u00e9s az X-Trail minden eddigin\u00e9l k\u00f6zelebb \u00e1llnak egym\u00e1shoz. Mindkett\u0151 a CMF-C platformot haszn\u00e1lja, amelyet f\u0151k\u00e9nt a Nissan fejlesztett ki, m\u00edg a Renault a CMF-B platformra \u00f6sszpontos\u00edtja fejleszt\u00e9si er\u0151fesz\u00edt\u00e9seit a kisebb aut\u00f3k, p\u00e9ld\u00e1ul a Nissan Juke \u00e9s a Renault Captur sz\u00e1m\u00e1ra.<br \/>\nA Nissan szerint a C-oszlop delfinuszonyra eml\u00e9keztet. Ez azt jelenten\u00e9, ha a delfinek h\u00e1trafel\u00e9 \u00faszn\u00e1nak. Kev\u00e9sb\u00e9 jellegzetes, mint a Qashqai lebeg\u0151 oszlopa, de a h\u00e1ts\u00f3 ker\u00e9k\u00edv feletti gy\u0171r\u0151d\u00e9s n\u00e9mi \u00e9rdekess\u00e9get k\u00f6lcs\u00f6n\u00f6z. <\/p>\n<p>A Nissan jelent\u0151s elt\u00e9r\u00e9st mutat francia partner\u00e9t\u0151l a nagyobb aut\u00f3k hajt\u00e1sl\u00e1ncai ter\u00e9n. M\u00edg a Juke Hybridhez a Renault E-Tech rendszer\u00e9t k\u00f6lcs\u00f6nzi , a cs\u00facskateg\u00f3ri\u00e1s hibrid X-Trail a Nissan saj\u00e1t \u2013 \u00e9s nagyon elt\u00e9r\u0151 \u2013 e-Power koncepci\u00f3j\u00e1val m\u0171k\u00f6dik. Ez nem teljesen \u00faj, hiszen m\u00e1r l\u00e1thattuk a Qashqai hibriden , de \u00e9rdemes \u00fajra megvizsg\u00e1lni a technol\u00f3gi\u00e1t.<br \/>\nAz E-Power abban szokatlan, hogy a benzinmotor soha nem hajtja a kerekeket. Ehelyett egy gener\u00e1tort hajt, amely egy 2,1 kWh-s (1,97 kWh haszn\u00e1lhat\u00f3) l\u00edtium-ion akkumul\u00e1tort t\u00f6lt az utast\u00e9r padl\u00f3ja alatt. Ez viszont egy 201 l\u00f3er\u0151s, 100 Nm nyomat\u00e9k\u00fa villanymotort t\u00e1pl\u00e1l az els\u0151 tengelyen.<br \/>\nEz a be\u00e1ll\u00edt\u00e1s a Qashqai-ban is el\u00e9rhet\u0151, de az X-Trail egy e-4orce nev\u0171 \u00f6sszker\u00e9khajt\u00e1si opci\u00f3val is rendelkezik, ahol egy tov\u00e1bbi 134 l\u00f3er\u0151s, 260 Nm nyomat\u00e9k\u00fa motor hajtja a h\u00e1ts\u00f3 tengelyt. Norm\u00e1lis esetben azokban a rendszerekben, ahol az els\u0151 \u00e9s a h\u00e1ts\u00f3 motorok k\u00fcl\u00f6n m\u0171k\u00f6dnek, a teljes teljes\u00edtm\u00e9ny a kett\u0151 \u00f6sszege, de az X-Trail cs\u00facsteljes\u00edtm\u00e9nye mind\u00f6ssze 210 l\u00f3er\u0151 a 335 l\u00f3er\u0151 helyett, mivel az akkumul\u00e1tor korl\u00e1tozottan k\u00e9pes leadni a sz\u00fcks\u00e9ges teljes\u00edtm\u00e9nyt.<\/p>\n","protected":false},"excerpt":{"rendered":"<p>H\u00f3napok \u00f3ta p\u00f6r\u00f6g a kamp\u00e1ny, minden fronton d\u00fcb\u00f6r\u00f6g a politikai adok-kapok, de arra tal\u00e1n senki sem sz\u00e1m\u00edtott, hogy \u00e9ppen egy gy\u0171l\u00e9s sz\u00ednpad\u00e1n t\u00f6rik meg a minisztereln\u00f6k hangja. A moh\u00e1csi rendezv\u00e9nyen ugyanis nemcsak&#8230;<\/p>\n","protected":false},"author":1,"featured_media":8871,"comment_status":"open","ping_status":"open","sticky":false,"template":"","format":"standard","meta":{"footnotes":""},"categories":[1],"tags":[],"class_list":["post-8870","post","type-post","status-publish","format-standard","has-post-thumbnail","hentry","category-egyeb"],"aioseo_notices":[],"_links":{"self":[{"href":"https:\/\/online-filmkatarzis.com\/kucko\/wp-json\/wp\/v2\/posts\/8870","targetHints":{"allow":["GET"]}}],"collection":[{"href":"https:\/\/online-filmkatarzis.com\/kucko\/wp-json\/wp\/v2\/posts"}],"about":[{"href":"https:\/\/online-filmkatarzis.com\/kucko\/wp-json\/wp\/v2\/types\/post"}],"author":[{"embeddable":true,"href":"https:\/\/online-filmkatarzis.com\/kucko\/wp-json\/wp\/v2\/users\/1"}],"replies":[{"embeddable":true,"href":"https:\/\/online-filmkatarzis.com\/kucko\/wp-json\/wp\/v2\/comments?post=8870"}],"version-history":[{"count":3,"href":"https:\/\/online-filmkatarzis.com\/kucko\/wp-json\/wp\/v2\/posts\/8870\/revisions"}],"predecessor-version":[{"id":8875,"href":"https:\/\/online-filmkatarzis.com\/kucko\/wp-json\/wp\/v2\/posts\/8870\/revisions\/8875"}],"wp:featuredmedia":[{"embeddable":true,"href":"https:\/\/online-filmkatarzis.com\/kucko\/wp-json\/wp\/v2\/media\/8871"}],"wp:attachment":[{"href":"https:\/\/online-filmkatarzis.com\/kucko\/wp-json\/wp\/v2\/media?parent=8870"}],"wp:term":[{"taxonomy":"category","embeddable":true,"href":"https:\/\/online-filmkatarzis.com\/kucko\/wp-json\/wp\/v2\/categories?post=8870"},{"taxonomy":"post_tag","embeddable":true,"href":"https:\/\/online-filmkatarzis.com\/kucko\/wp-json\/wp\/v2\/tags?post=8870"}],"curies":[{"name":"wp","href":"https:\/\/api.w.org\/{rel}","templated":true}]}}