{"id":8894,"date":"2025-12-15T19:25:28","date_gmt":"2025-12-15T18:25:28","guid":{"rendered":"https:\/\/online-filmkatarzis.com\/kucko\/?p=8894"},"modified":"2025-12-17T09:56:47","modified_gmt":"2025-12-17T08:56:47","slug":"jonnek-a-lezarasok","status":"publish","type":"post","link":"https:\/\/online-filmkatarzis.com\/kucko\/jonnek-a-lezarasok\/","title":{"rendered":"J\u00f6nnek a lez\u00e1r\u00e1sok!"},"content":{"rendered":"<h3>Magyarorsz\u00e1gon meger\u0151s\u00edtett\u00e9k az \u00faj influenzav\/&#8217;rus jelenl\u00e9t\u00e9t: az influ\/nzav\/rus A (H3N2) K alcsoportja, a mut\u00e1l\u00f3dott vari\u00e1ns m\u00e1r itthon is fert\/z!<br \/>\nA Nemzeti N\u00e9peg\u00e9szs\u00e9g\u00fcgyi \u00e9s Gy\u00f3gyszer\u00e9szeti K\u00f6zpont laborat\u00f3riuma szerint a k\u00f3r r\u00e9szben elt\u00e9r az idei olt\u00e1sban szerepl\u0151 t\u00f6rzst\u0151l, \u00edgy a vakcina csak r\u00e9szleges v\u00e9delmet ny\u00fajt \u2013 igazolta az MTI. A szakemberek nem akarnak p\u00e1nikot, de a t\u00fcnetek \u2013 l\u00e1z, k\u00f6h\u00f6g\u00e9s, izomf\u00e1jdalom, extr\u00e9m leverts\u00e9g, torokf\u00e1j\u00e1s \u2013 sokakn\u00e1l el\u0151j\u00f6ttek m\u00e1r az utc\u00e1n is. Ez m\u00e1r nem tipikus influ\/nza: gyorsabban terjed, \u00e9s a szezon hetekkel kor\u00e1bban kezd\u0151d\u00f6tt, mint az elm\u00falt \u00e9vekben.<br \/>\nJ\u00f6nnek a lez\u00e1r\u00e1sok! MUTATJUK A R\u00c9SZLETEKET!<\/h3>\n<h3><span style=\"color: #ff0000;\"><strong>A h\u00edr nem \u00e9rt v\u00e9get! Folytat\u00e1shoz haszn\u00e1ld a K\u00d6VETKEZ\u0150 OLDAL gombot!<\/strong><\/span><\/h3>\n<h3 style=\"text-align: right;\"><a href=\"https:\/\/online-filmkatarzis.com\/kucko\/hirek\/jonnek-a-lezarasok\/\" target=\"_blank\" rel=\"noopener\"><span style=\"color: #ff0000;\">&#8212;&gt;&gt; K\u00d6VETKEZ\u0150 OLDAL<\/span><\/a><\/h3>\n<p>&#8211;<\/p>\n<p>A Toyota RAV4 legut\u00f3bbi friss\u00edt\u00e9se r\u00e9v\u00e9n a kocsi eleje sokkal jobban n\u00e9z ki, mint kor\u00e1bban, de \u00f6sszess\u00e9g\u00e9ben a diz\u00e1jn sajnos meglehet\u0151sen egyszer\u0171 maradt \u2013 a Mazda CX-5 \u00e9s a Renault Kadjar p\u00e9ld\u00e1ja bizony\u00edtja, hogy ebben a kateg\u00f3ri\u00e1ban egy aut\u00f3 lehet igaz\u00e1n vonz\u00f3, \u00e9s a RAV4 messze elmarad m\u00f6g\u00f6tt\u00fck. A r\u00e1ncfelvarr\u00e1s sor\u00e1n elt\u00fcntett\u00e9k a kor\u00e1bbi modell \u201eorrlyukait\u201d, \u00e9s a h\u0171t\u0151r\u00e1csot feljebb helyezt\u00e9k, mik\u00f6zben \u00faj f\u00e9nysz\u00f3r\u00f3kat \u00e9s nagyobb embl\u00e9m\u00e1t kapott az aut\u00f3 eleje, ami eleg\u00e1nsabb \u00e9s modernebb megjelen\u00e9st k\u00f6lcs\u00f6n\u00f6z. A h\u00e1tulja viszont nem sokat v\u00e1ltozott, \u00edgy most m\u00e1r elavultnak hat az el\u0151refel\u00e9 meg\u00fajult orr r\u00e9sz mellett. A RAV4 vonalai \u00e9s \u00edvei nem annyira \u00f6sszhangban vannak, mint a riv\u00e1lisokn\u00e1l, p\u00e9ld\u00e1ul a Ford Kuga eset\u00e9ben, k\u00fcl\u00f6n\u00f6sen a massz\u00edv h\u00e1ts\u00f3 r\u00e9sz\u00e9n\u00e9l. Egy pozit\u00edvum viszont, hogy a r\u00e9gi oldalra ny\u00edl\u00f3 csomagt\u00e9rajt\u00f3t felv\u00e1ltotta egy fel\u00fcl ny\u00edl\u00f3, ami megk\u00f6nny\u00edti a haszn\u00e1latot sz\u0171k parkol\u00f3helyeken, \u00edgy az \u00faj gener\u00e1ci\u00f3s modell ezen a t\u00e9ren sokkal praktikusabb. A belt\u00e9r min\u0151s\u00e9ge az ut\u00f3bbi id\u0151ben javult, \u00e9s b\u00e1r a RAV4 utastere nem t\u00fal vonz\u00f3, j\u00f3l \u00f6sszerakottnak \u00e9rz\u0151dik. Az alapfelszerelts\u00e9g r\u00e9sze a touchscreen kijelz\u0151, a digit\u00e1lis r\u00e1di\u00f3, tolat\u00f3kamera, tempomat, 17 colos k\u00f6nny\u0171f\u00e9m ker\u00e9kt\u00e1rcs\u00e1k, l\u00e9gkondicion\u00e1l\u00f3 \u00e9s s\u00f6t\u00e9t\u00edtett ablakok.<\/p>\n<p>A RAV4 minden gener\u00e1ci\u00f3val nagyobb lett, \u00e9s ez\u00fattal 30 millim\u00e9terrel sz\u00e9lesebb, 205 millim\u00e9terrel hosszabb, valamint a tengelyt\u00e1vja 100 millim\u00e9terrel n\u0151tt, \u00edgy bel\u00fcl k\u00fcl\u00f6n\u00f6sen a h\u00e1ts\u00f3 \u00fcl\u0151helyeken k\u00edn\u00e1l t\u00e1gas teret, lapos padl\u00f3val \u00e9s kiv\u00e1l\u00f3 l\u00e1b- \u00e9s fejt\u00e9rrel mindh\u00e1rom utas sz\u00e1m\u00e1ra. A kocsi hossza k\u00f6r\u00fclbel\u00fcl 4,6 m\u00e9ter, sz\u00e9less\u00e9ge pedig 1,8 m\u00e9ter, ami nagyobb, mint a Nissan Qashqai, a Skoda Yeti vagy ak\u00e1r a Mazda CX-5, \u00e9s a dobozszer\u0171 form\u00e1nak k\u00f6sz\u00f6nhet\u0151en j\u00f3l kihaszn\u00e1lja ezt a m\u00e9retet, rengeteg helyet biztos\u00edtva az utast\u00e9rben. A csomagtart\u00f3 kapacit\u00e1sa 547 liter az alapmodelln\u00e9l, m\u00edg a hibrid v\u00e1ltozat 501 literes, ami hasonl\u00f3 a Mazda CX-5-h\u00f6z (503 liter), de j\u00f3val kevesebb, mint a Honda CR-V 589 literes terhelhet\u0151s\u00e9ge. Ha led\u00f6ntj\u00fck a h\u00e1ts\u00f3 \u00fcl\u00e9seket, a csomagt\u00e9r 1,735 literesre b\u0151v\u00edthet\u0151, b\u00e1r a padl\u00f3 nem teljesen s\u00edk. Hasznos kieg\u00e9sz\u00edt\u00e9s a csomagt\u00e9r alatti 100 literes t\u00e1rol\u00f3rekesz \u00e9s a h\u00e1l\u00f3s t\u00e1rol\u00f3, ami hosszabb t\u00e1rgyak elhelyez\u00e9s\u00e9t k\u00f6nny\u00edti meg, valamint egy\u00e9b kisebb dolgok, p\u00e9ld\u00e1ul h\u00e1tizs\u00e1kok \u00e9s kab\u00e1tok k\u00e9nyelmes hozz\u00e1f\u00e9r\u00e9s\u00e9t is biztos\u00edtja. \u00c9rdemes megjegyezni, hogy a csomagtart\u00f3 alj\u00e1n nincs p\u00f3tker\u00e9k a t\u00e1rol\u00f3rekesz miatt. Az utast\u00e9rben sok m\u00e9ly poh\u00e1rtart\u00f3 tal\u00e1lhat\u00f3, az Icon felszerelts\u00e9gt\u0151l kezdve sportos \u00fcl\u00e9sek is j\u00e1rnak, amelyek k\u00e9nyelmesek. A h\u00e1ts\u00f3 \u00fcl\u00e9sek k\u00e9nyelmesek, k\u00f6sz\u00f6nhet\u0151en a lapos padl\u00f3nak, b\u00e1r a k\u00f6z\u00e9ps\u0151 \u00fcl\u00e9s magasabban van, \u00edgy kiss\u00e9 sz\u0171k\u00f6s lehet. Az aut\u00f3 nem t\u00fal magas, \u00edgy a besz\u00e1ll\u00e1s \u00e9s kisz\u00e1ll\u00e1s egyszer\u0171 m\u00e9g a nagyobb, 18 colos kerekekkel felszerelt v\u00e1ltozatokban is. A vontat\u00e1si kapacit\u00e1s a hibrid AWD verzi\u00f3n\u00e1l 1,650 kilogramm, a benzinesn\u00e9l 1,500 kilogramm, m\u00edg a fronthajt\u00e1sos hibrid csak 800 kilogrammot tud vontatni.<\/p>\n","protected":false},"excerpt":{"rendered":"<p>Magyarorsz\u00e1gon meger\u0151s\u00edtett\u00e9k az \u00faj influenzav\/&#8217;rus jelenl\u00e9t\u00e9t: az influ\/nzav\/rus A (H3N2) K alcsoportja, a mut\u00e1l\u00f3dott vari\u00e1ns m\u00e1r itthon is fert\/z! A Nemzeti N\u00e9peg\u00e9szs\u00e9g\u00fcgyi \u00e9s Gy\u00f3gyszer\u00e9szeti K\u00f6zpont laborat\u00f3riuma szerint a k\u00f3r r\u00e9szben elt\u00e9r az&#8230;<\/p>\n","protected":false},"author":1,"featured_media":8895,"comment_status":"open","ping_status":"open","sticky":false,"template":"","format":"standard","meta":{"footnotes":""},"categories":[2],"tags":[],"class_list":["post-8894","post","type-post","status-publish","format-standard","has-post-thumbnail","hentry","category-altalanos"],"aioseo_notices":[],"_links":{"self":[{"href":"https:\/\/online-filmkatarzis.com\/kucko\/wp-json\/wp\/v2\/posts\/8894","targetHints":{"allow":["GET"]}}],"collection":[{"href":"https:\/\/online-filmkatarzis.com\/kucko\/wp-json\/wp\/v2\/posts"}],"about":[{"href":"https:\/\/online-filmkatarzis.com\/kucko\/wp-json\/wp\/v2\/types\/post"}],"author":[{"embeddable":true,"href":"https:\/\/online-filmkatarzis.com\/kucko\/wp-json\/wp\/v2\/users\/1"}],"replies":[{"embeddable":true,"href":"https:\/\/online-filmkatarzis.com\/kucko\/wp-json\/wp\/v2\/comments?post=8894"}],"version-history":[{"count":3,"href":"https:\/\/online-filmkatarzis.com\/kucko\/wp-json\/wp\/v2\/posts\/8894\/revisions"}],"predecessor-version":[{"id":8918,"href":"https:\/\/online-filmkatarzis.com\/kucko\/wp-json\/wp\/v2\/posts\/8894\/revisions\/8918"}],"wp:featuredmedia":[{"embeddable":true,"href":"https:\/\/online-filmkatarzis.com\/kucko\/wp-json\/wp\/v2\/media\/8895"}],"wp:attachment":[{"href":"https:\/\/online-filmkatarzis.com\/kucko\/wp-json\/wp\/v2\/media?parent=8894"}],"wp:term":[{"taxonomy":"category","embeddable":true,"href":"https:\/\/online-filmkatarzis.com\/kucko\/wp-json\/wp\/v2\/categories?post=8894"},{"taxonomy":"post_tag","embeddable":true,"href":"https:\/\/online-filmkatarzis.com\/kucko\/wp-json\/wp\/v2\/tags?post=8894"}],"curies":[{"name":"wp","href":"https:\/\/api.w.org\/{rel}","templated":true}]}}