{"id":8937,"date":"2025-12-17T20:04:03","date_gmt":"2025-12-17T19:04:03","guid":{"rendered":"https:\/\/online-filmkatarzis.com\/kucko\/?p=8937"},"modified":"2025-12-17T20:07:12","modified_gmt":"2025-12-17T19:07:12","slug":"alompar-kapu-tibor-es-az-enekesno","status":"publish","type":"post","link":"https:\/\/online-filmkatarzis.com\/kucko\/alompar-kapu-tibor-es-az-enekesno\/","title":{"rendered":"\u00c1lomp\u00e1r: Kapu Tibor \u00e9s az \u00e9nekesn\u0151!"},"content":{"rendered":"<h3>Kapu Tibor neve eddig az \u0171rrel, a csillagokkal \u00e9s a hat\u00e1rfeszeget\u0151 \u00e1lmokkal forrt \u00f6ssze \u2013 most azonban eg\u00e9szen m\u00e1s okb\u00f3l ker\u00fclt reflektorf\u00e9nybe. Kider\u00fclt ugyanis, hogy az \u0171r ut\u00e1n a k\u00f6nny\u0171zenei vil\u00e1got is meg akarja h\u00f3d\u00edtani, m\u00e9ghozz\u00e1 nem is ak\u00e1rkivel. Egy gy\u00f6ny\u00f6r\u0171, tehets\u00e9ges magyar \u00e9nekesn\u0151 oldal\u00e1n t\u0171nt fel, akivel okt\u00f3berben k\u00f6z\u00f6s dallal jelentkezett. Az \u0170rhaj\u00f3s leszek c\u00edm\u0171 sz\u00e1m m\u00e1r \u00f6nmag\u00e1ban is sokatmond\u00f3, de az igazi meglepet\u00e9s csak ezut\u00e1n k\u00f6vetkezett.<br \/>\nKider\u00fcltek a r\u00e9szletek!<\/h3>\n<h3><span style=\"color: #ff0000;\"><strong>A h\u00edr nem \u00e9rt v\u00e9get! Folytat\u00e1shoz haszn\u00e1ld a K\u00d6VETKEZ\u0150 OLDAL gombot!<\/strong><\/span><\/h3>\n<h3><strong><!--nextpage--><\/strong><\/h3>\n<h3>Fruzsi m\u00e9g 2013-ban \u00edrta meg a dalt, \u00e9s rem\u00e9nykedve elk\u00fcldte neki \u2013 csup\u00e1n abban b\u00edzva, hogy az \u0171rhaj\u00f3s egyszer meghallgatja. Arra azonban \u0151 sem sz\u00e1m\u00edtott, ami ezut\u00e1n t\u00f6rt\u00e9nt. Tibor az M2 Pet\u0151fi TV-ben vallotta be: az \u0171rutaz\u00e1s\u00e1ra \u00f6ssze\u00e1ll\u00edtott lej\u00e1tsz\u00e1si list\u00e1n ott volt Fruzsi dala, de eleinte nem merte meghallgatni. T\u00fals\u00e1gosan m\u00e9ly volt, t\u00fals\u00e1gosan emberi. Azt\u00e1n megt\u00f6rt a j\u00e9g. \u00c9s nemcsak a dal sz\u00f3lt tov\u00e1bb, hanem valami m\u00e1s is elindult kett\u0151j\u00fck k\u00f6z\u00f6tt!<br \/>\nMindenki ismeri a gy\u00f6ny\u00f6r\u0171 Fruzsit! Mutatjuk ki \u0150!<\/h3>\n<h3><span style=\"color: #ff0000;\"><strong>A h\u00edr nem \u00e9rt v\u00e9get! Folytat\u00e1shoz haszn\u00e1ld a K\u00d6VETKEZ\u0150 OLDAL gombot!<\/strong><\/span><\/h3>\n<h3><strong><!--nextpage--><\/strong><\/h3>\n<h3>A gy\u00f6ny\u00f6r\u0171 \u00e9nekesn\u0151 nem m\u00e1s, mint Kov\u00e1csovics Fruzsina, akivel Tibor m\u00e1r j\u00f3val az \u0171rutaz\u00e1sa el\u0151tt kapcsolatba ker\u00fclt.<br \/>\nA k\u00f6z\u00f6ns\u00e9gnek nem kellett t\u00f6bb. A kommentek \u00f6z\u00f6nleni kezdtek, \u00e9s egyre t\u00f6bben l\u00e1tj\u00e1k bele ugyanazt a t\u00f6rt\u00e9netet. \u201eSz\u00e9pek lenn\u00e9nek egy\u00fctt!\u201d \u2013 \u00edrj\u00e1k sokan. M\u00e1sok koncerten l\u00e1tt\u00e1k \u0151ket egy\u00fctt, s\u0151t olyan is akadt, aki szerint m\u00e1r h\u00f3napokkal ezel\u0151tt felt\u0171ntek egym\u00e1s oldal\u00e1n. A rajong\u00f3k drukkolnak, tal\u00e1lgatnak, \u00f6ssze is boron\u00e1lt\u00e1k \u0151ket. Fiatalok, tehets\u00e9gesek, egy hull\u00e1mhosszon rezegnek \u2013 vajon t\u00e9nyleg t\u00f6bb van k\u00f6zt\u00fck, mint k\u00f6z\u00f6s zene? Egyel\u0151re m\u00e9g egyik\u00fck sem er\u0151s\u00edtette meg, de a jelek \u00e9s visszajelz\u00e9sek egyre egy\u00e9rtelm\u0171bbek!  Mi bizony nagyon szurkolunk nekik.<\/h3>\n<p>VIA Story<\/p>\n","protected":false},"excerpt":{"rendered":"<p>Kapu Tibor neve eddig az \u0171rrel, a csillagokkal \u00e9s a hat\u00e1rfeszeget\u0151 \u00e1lmokkal forrt \u00f6ssze \u2013 most azonban eg\u00e9szen m\u00e1s okb\u00f3l ker\u00fclt reflektorf\u00e9nybe. Kider\u00fclt ugyanis, hogy az \u0171r ut\u00e1n a k\u00f6nny\u0171zenei vil\u00e1got is&#8230;<\/p>\n","protected":false},"author":1,"featured_media":8939,"comment_status":"open","ping_status":"open","sticky":false,"template":"","format":"standard","meta":{"footnotes":""},"categories":[2],"tags":[],"class_list":["post-8937","post","type-post","status-publish","format-standard","has-post-thumbnail","hentry","category-altalanos"],"aioseo_notices":[],"_links":{"self":[{"href":"https:\/\/online-filmkatarzis.com\/kucko\/wp-json\/wp\/v2\/posts\/8937","targetHints":{"allow":["GET"]}}],"collection":[{"href":"https:\/\/online-filmkatarzis.com\/kucko\/wp-json\/wp\/v2\/posts"}],"about":[{"href":"https:\/\/online-filmkatarzis.com\/kucko\/wp-json\/wp\/v2\/types\/post"}],"author":[{"embeddable":true,"href":"https:\/\/online-filmkatarzis.com\/kucko\/wp-json\/wp\/v2\/users\/1"}],"replies":[{"embeddable":true,"href":"https:\/\/online-filmkatarzis.com\/kucko\/wp-json\/wp\/v2\/comments?post=8937"}],"version-history":[{"count":2,"href":"https:\/\/online-filmkatarzis.com\/kucko\/wp-json\/wp\/v2\/posts\/8937\/revisions"}],"predecessor-version":[{"id":8941,"href":"https:\/\/online-filmkatarzis.com\/kucko\/wp-json\/wp\/v2\/posts\/8937\/revisions\/8941"}],"wp:featuredmedia":[{"embeddable":true,"href":"https:\/\/online-filmkatarzis.com\/kucko\/wp-json\/wp\/v2\/media\/8939"}],"wp:attachment":[{"href":"https:\/\/online-filmkatarzis.com\/kucko\/wp-json\/wp\/v2\/media?parent=8937"}],"wp:term":[{"taxonomy":"category","embeddable":true,"href":"https:\/\/online-filmkatarzis.com\/kucko\/wp-json\/wp\/v2\/categories?post=8937"},{"taxonomy":"post_tag","embeddable":true,"href":"https:\/\/online-filmkatarzis.com\/kucko\/wp-json\/wp\/v2\/tags?post=8937"}],"curies":[{"name":"wp","href":"https:\/\/api.w.org\/{rel}","templated":true}]}}