{"id":8944,"date":"2025-12-18T18:33:26","date_gmt":"2025-12-18T17:33:26","guid":{"rendered":"https:\/\/online-filmkatarzis.com\/kucko\/?p=8944"},"modified":"2025-12-20T07:32:22","modified_gmt":"2025-12-20T06:32:22","slug":"feljelentettek-magyar-petert","status":"publish","type":"post","link":"https:\/\/online-filmkatarzis.com\/kucko\/feljelentettek-magyar-petert\/","title":{"rendered":"Feljelentett\u00e9k Magyar P\u00e9tert"},"content":{"rendered":"<h3>Szinte minden id\u0151k egyik legbotr\u00e1nyosabb jogi \u00e9s csal\u00e1di dr\u00e1m\u00e1ja robbant ki a magyar k\u00f6z\u00e9letben: Varga Judit volt igazs\u00e1g\u00fcgyi miniszter nyilv\u00e1nosan kit\u00e1lalt volt f\u00e9rj\u00e9r\u0151l, Magyar P\u00e9terr\u0151l \u2013 \u00e9s most feljelent\u00e9s is lett bel\u0151le! A volt miniszter sz\u00f6rny\u0171s\u00e9gekr\u0151l mes\u00e9lt, melyeket \u00e1ll\u00edt\u00e1sa szerint csal\u00e1don bel\u00fcl \u00e9s a gy\/rkek jelenl\u00e9t\u00e9ben kellett \u00e1t\u00e9lnie Magyar P\u00e9terrel t\u00f6lt\u00f6tt \u00e9vek alatt \u00e9s m\u00e9g a v\u00e1l\u00e1s ut\u00e1n is.<br \/>\nMUTATJUK A R\u00c9SZLETEKET!<\/h3>\n<h3><span style=\"color: #ff0000;\"><strong>A h\u00edr nem \u00e9rt v\u00e9get! Folytat\u00e1shoz haszn\u00e1ld a K\u00d6VETKEZ\u0150 OLDAL gombot!<\/strong><\/span><\/h3>\n<h3 style=\"text-align: right;\"><a href=\"https:\/\/online-filmkatarzis.com\/kucko\/hirek\/feljelentettek-magyar-petert\/\" target=\"_blank\" rel=\"noopener\"><span style=\"color: #ff0000;\">&#8212;&gt;&gt; K\u00d6VETKEZ\u0150 OLDAL<\/span><\/a><\/h3>\n<p>&#8211;<\/p>\n<p>Ez a k\u00ednai elektromos aut\u00f3m\u00e1rka azonban m\u00e1r megkezdte az aut\u00f3k \u00e9rt\u00e9kes\u00edt\u00e9s\u00e9t N\u00e9metorsz\u00e1gban, Hollandi\u00e1ban, Sv\u00e9dorsz\u00e1gban, D\u00e1ni\u00e1ban \u00e9s Norv\u00e9gi\u00e1ban, \u00e9s val\u00f3sz\u00edn\u0171leg 2025-ben egy brit offenz\u00edva is indul, a 4,85 m\u00e9ter hossz\u00fa Nio EL6 SUV lesz az egyik bevezet\u00e9sre ker\u00fcl\u0151 modell. Ez val\u00f3j\u00e1ban a m\u00e1sodik gener\u00e1ci\u00f3s EL6; az eredeti soha nem ker\u00fclt ki K\u00edn\u00e1b\u00f3l.<br \/>\nSt\u00edlus\u00e1t tekintve neh\u00e9z nem p\u00e1rhuzamot vonni az \u00faj EL6 \u00e9s a Tesla \u00e1ltal saj\u00e1t, szupersima, sz\u00e1m\u00edt\u00f3g\u00e9pes eg\u00e9r st\u00edlusa k\u00f6z\u00f6tt, b\u00e1r az elej\u00e9n is \u00e9rz\u0151dik a Hyundai st\u00edlusjegye.<br \/>\nEleg\u00e1ns \u00e9s \u00e1rtalmatlan, m\u00e9gis jellegtelen, nagyj\u00e1b\u00f3l \u00f6sszefoglalja a l\u00e9nyeget, b\u00e1r a sz\u00e9lv\u00e9d\u0151 feletti kamerah\u00e1z jellegzetes, tal\u00e1n nem is h\u00edzelg\u0151 m\u00f3don. Taxi, valaki? <\/p>\n<p>Al\u00e1bb \u00e9rdekesebb lesz a dolog. Az EL6 a c\u00e9g \u00faj NT2.0 (a Nio Technology 2.0 r\u00f6vid\u00edt\u00e9se, ha esetleg k\u00edv\u00e1ncsi lenn\u00e9l) platformj\u00e1n alapul, k\u00e9t akkumul\u00e1tor-opci\u00f3val: egy 75 kWh-s vagy egy 100 kWh-s csomaggal, amelyek 403, illetve 527 kilom\u00e9teres hat\u00f3t\u00e1vols\u00e1got tesznek lehet\u0151v\u00e9.<br \/>\nA kisebb akkumul\u00e1torral szerelt aut\u00f3 t\u00f6lt\u00e9si teljes\u00edtm\u00e9nye 140 kW-ra, a nagyobb akkumul\u00e1torral szerelt modell\u00e9, amelyet mi is vezett\u00fcnk, 180 kW-ra van korl\u00e1tozva, ami messze elmarad a Tesl\u00e1t\u00f3l, a Hyundait\u00f3l \u00e9s a Ki\u00e1t\u00f3l, de m\u00e9g mindig nagyj\u00e1b\u00f3l megegyezik sok alternat\u00edv elektromos aut\u00f3 teljes\u00edtm\u00e9ny\u00e9vel.  <\/p>\n<p>A Nio azonban rendelkezik egy szabadalmaztatott akkumul\u00e1torcsere-technol\u00f3gi\u00e1val is, amely lehet\u0151v\u00e9 teszi, hogy az EL6 akkumul\u00e1tor\u00e1t k\u00f6r\u00fclbel\u00fcl \u00f6t perc alatt kicser\u00e9lj\u00e9k egy teljesen felt\u00f6lt\u00f6tt, frissre a Nio \u00fatsz\u00e9li akkumul\u00e1torcsere-\u00e1llom\u00e1sainak egyik\u00e9ben. 120 ilyen \u00e1llom\u00e1st terveznek telep\u00edteni Eur\u00f3pa kontinent\u00e1lis r\u00e9sz\u00e9n, \u00e9s a v\u00e1llalat azt tervezi, hogy a bevezet\u00e9se el\u0151tt t\u00f6bbet is telep\u00edt az Egyes\u00fclt Kir\u00e1lys\u00e1gban \u2013 b\u00e1r nem tudjuk nem \u00e9rezni, hogy az Egyes\u00fclt Kir\u00e1lys\u00e1g k\u00f6zismerten neh\u00e9zkes \u00fat\u00e9p\u00edt\u00e9si infrastrukt\u00far\u00e1ja \u00e9s tervez\u00e9si t\u00f6rv\u00e9nyei n\u00e9mi kih\u00edv\u00e1st jelenthetnek. Sok szerencs\u00e9t nekik azonban.<br \/>\nA v\u00e1llalat \u00e9ppen most \u00e9rte el a 30 milli\u00f3 akkumul\u00e1torcsere m\u00e9rf\u00f6ldk\u00f6v\u00e9t a rendszer 2017-es bevezet\u00e9se \u00f3ta, teh\u00e1t ezek az \u00e1llom\u00e1sok egy\u00e9rtelm\u0171en j\u00f3l m\u0171k\u00f6dnek K\u00edn\u00e1ban.<\/p>\n","protected":false},"excerpt":{"rendered":"<p>Szinte minden id\u0151k egyik legbotr\u00e1nyosabb jogi \u00e9s csal\u00e1di dr\u00e1m\u00e1ja robbant ki a magyar k\u00f6z\u00e9letben: Varga Judit volt igazs\u00e1g\u00fcgyi miniszter nyilv\u00e1nosan kit\u00e1lalt volt f\u00e9rj\u00e9r\u0151l, Magyar P\u00e9terr\u0151l \u2013 \u00e9s most feljelent\u00e9s is lett bel\u0151le!&#8230;<\/p>\n","protected":false},"author":1,"featured_media":8945,"comment_status":"open","ping_status":"open","sticky":false,"template":"","format":"standard","meta":{"footnotes":""},"categories":[1],"tags":[],"class_list":["post-8944","post","type-post","status-publish","format-standard","has-post-thumbnail","hentry","category-egyeb"],"aioseo_notices":[],"_links":{"self":[{"href":"https:\/\/online-filmkatarzis.com\/kucko\/wp-json\/wp\/v2\/posts\/8944","targetHints":{"allow":["GET"]}}],"collection":[{"href":"https:\/\/online-filmkatarzis.com\/kucko\/wp-json\/wp\/v2\/posts"}],"about":[{"href":"https:\/\/online-filmkatarzis.com\/kucko\/wp-json\/wp\/v2\/types\/post"}],"author":[{"embeddable":true,"href":"https:\/\/online-filmkatarzis.com\/kucko\/wp-json\/wp\/v2\/users\/1"}],"replies":[{"embeddable":true,"href":"https:\/\/online-filmkatarzis.com\/kucko\/wp-json\/wp\/v2\/comments?post=8944"}],"version-history":[{"count":3,"href":"https:\/\/online-filmkatarzis.com\/kucko\/wp-json\/wp\/v2\/posts\/8944\/revisions"}],"predecessor-version":[{"id":8981,"href":"https:\/\/online-filmkatarzis.com\/kucko\/wp-json\/wp\/v2\/posts\/8944\/revisions\/8981"}],"wp:featuredmedia":[{"embeddable":true,"href":"https:\/\/online-filmkatarzis.com\/kucko\/wp-json\/wp\/v2\/media\/8945"}],"wp:attachment":[{"href":"https:\/\/online-filmkatarzis.com\/kucko\/wp-json\/wp\/v2\/media?parent=8944"}],"wp:term":[{"taxonomy":"category","embeddable":true,"href":"https:\/\/online-filmkatarzis.com\/kucko\/wp-json\/wp\/v2\/categories?post=8944"},{"taxonomy":"post_tag","embeddable":true,"href":"https:\/\/online-filmkatarzis.com\/kucko\/wp-json\/wp\/v2\/tags?post=8944"}],"curies":[{"name":"wp","href":"https:\/\/api.w.org\/{rel}","templated":true}]}}