{"id":9031,"date":"2025-12-22T17:21:15","date_gmt":"2025-12-22T16:21:15","guid":{"rendered":"https:\/\/online-filmkatarzis.com\/kucko\/?p=9031"},"modified":"2025-12-23T13:06:57","modified_gmt":"2025-12-23T12:06:57","slug":"kiszel-tunde-dramaja","status":"publish","type":"post","link":"https:\/\/online-filmkatarzis.com\/kucko\/kiszel-tunde-dramaja\/","title":{"rendered":"Kiszel T\u00fcnde dr\u00e1m\u00e1ja!"},"content":{"rendered":"<h3>K\u00f6nnyek, remeg\u0151 hang \u00e9s egy el\u00e1rasztott kommentmez\u0151 \u2013 \u00edgy reag\u00e1lt Kiszel T\u00fcnde legut\u00f3bbi bejegyz\u00e9s\u00e9re, amelyben zokogva sz\u00e1molt be egy esem\u00e9nyr\u0151l, amely \u201emindent megv\u00e1ltoztatott\u201d.<br \/>\nA fot\u00f3kon szokatlanul megt\u00f6rt, k\u00f6nnyez\u0151 arccal l\u00e1that\u00f3, amit\u0151l k\u00f6vet\u0151i egy emberk\u00e9nt kapt\u00e1k fel a fej\u00fcket.<br \/>\n\u201eMi t\u00f6rt\u00e9nt T\u00fcnd\u00e9vel?\u201d \u2013 k\u00e9rdezt\u00e9k sokan, azt gondolv\u00e1n, hogy valamif\u00e9le trag\u00e9dia \u00e1rny\u00e9kolta be \u00e9let\u00e9t. Mutatjuk mi t\u00f6rt\u00e9nt!<\/h3>\n<h3><span style=\"color: #ff0000;\"><strong>A h\u00edr nem \u00e9rt v\u00e9get! Folytat\u00e1shoz haszn\u00e1ld a K\u00d6VETKEZ\u0150 OLDAL gombot!<\/strong><\/span><\/h3>\n<h3 style=\"text-align: right;\"><a href=\"https:\/\/online-filmkatarzis.com\/kucko\/hirek\/kiszel-tunde-dramaja\/\" target=\"_blank\" rel=\"noopener\"><span style=\"color: #ff0000;\">&#8212;&gt;&gt; K\u00d6VETKEZ\u0150 OLDAL<\/span><\/a><\/h3>\n<p>&#8211;<\/p>\n<p>A Renault Trafic rakter\u00e9nek m\u00e9retei v\u00e1ltozatlanok maradtak, tov\u00e1bbra is az egyik legpraktikusabb \u00e9s legjobb alak\u00fa rakt\u00e9rrel rendelkezik a k\u00f6z\u00e9pkateg\u00f3ri\u00e1s haszonj\u00e1rm\u0171vek k\u00f6z\u00f6tt. M\u00e9rete v\u00e1logatja, de ak\u00e1r 8,6 k\u00f6bm\u00e9ter sz\u00e1ll\u00edthat\u00f3 benne \u2013 ami b\u0151s\u00e9ges helyet jelent b\u00e1rmilyen munk\u00e1hoz.<br \/>\nA felszerelts\u00e9gi csomagok k\u00f6z\u00f6tt az Extra szint m\u00e1r navig\u00e1ci\u00f3t is tartalmaz, h\u00e1rom \u00e9v ingyenes kapcsol\u00f3d\u00f3 szolg\u00e1ltat\u00e1ssal, automatikus f\u00e9nysz\u00f3r\u00f3kat, LED-es bels\u0151 vil\u00e1g\u00edt\u00e1st, 17 colos k\u00f6nny\u0171f\u00e9m felniket, karossz\u00e9riasz\u00edn\u0171 d\u00edsz\u00edt\u0151elemeket \u00e9s tolat\u00f3kamer\u00e1t. Az Extra Sport tov\u00e1bb fokozza a k\u00e9nyelmet kl\u00edmavez\u00e9rl\u00e9ssel, teljes parkol\u00f3rendszerrel \u00e9s kulcs n\u00e9lk\u00fcli nyit\u00e1ssal.H\u00e1rom d\u00edzelmotorb\u00f3l v\u00e1laszthatnak a v\u00e1s\u00e1rl\u00f3k, melyek mind a 2019-ben bevezetett 2.0 literes BluedCi technol\u00f3gi\u00e1ra \u00e9p\u00fclnek. Az alap dCi 110 m\u00e1r nem el\u00e9rhet\u0151, \u00edgy a v\u00e1laszt\u00e9k a dCi 130, a dCi 150 \u00e9s az Extra Sport felszerelts\u00e9g\u0171 dCi 170 v\u00e1ltozatokra sz\u0171k\u00fclt. Mindegyik motor stop-start rendszerrel dolgozik, az alap 130-as csak hatfokozat\u00fa manu\u00e1lis v\u00e1lt\u00f3val \u00e9rhet\u0151 el, m\u00edg a nagyobb teljes\u00edtm\u00e9ny\u0171ekhez automata EDC is t\u00e1rs\u00edthat\u00f3.<\/p>\n<p>Az elektromos v\u00e1ltozat, a Renault Trafic E-Tech 2024 tavasz\u00e1n \u00e9rkezett a brit piacra: 120 l\u00f3er\u0151s villanymotorral \u00e9s 52 kWh-s akkumul\u00e1torral, amely ak\u00e1r 186 m\u00e9rf\u00f6ld (kb. 300 km) hat\u00f3t\u00e1vot k\u00edn\u00e1l. A rakt\u00e9r v\u00e1ltozatlan maradt, viszont kisebb a hasznos teherb\u00edr\u00e1s \u00e9s vontathat\u00f3 t\u00f6meg, mint a d\u00edzel v\u00e1ltozatokn\u00e1l. Az \u00faj d\u00edzelmotorok m\u00e9g gazdas\u00e1gosabbak lettek el\u0151deikn\u00e9l, a dCi 130 \u00e9s dCi 150 ak\u00e1r 40,9 m\u00e9rf\u00f6ld\/gallont (mpg) is el\u00e9rhet WLTP szerint, m\u00edg a leger\u0151sebb dCi 170 is csak minim\u00e1lisan marad el e m\u00f6g\u00f6tt (39,8 mpg). Az automata v\u00e1lt\u00f3 nem rontja a fogyaszt\u00e1st.<\/p>\n","protected":false},"excerpt":{"rendered":"<p>K\u00f6nnyek, remeg\u0151 hang \u00e9s egy el\u00e1rasztott kommentmez\u0151 \u2013 \u00edgy reag\u00e1lt Kiszel T\u00fcnde legut\u00f3bbi bejegyz\u00e9s\u00e9re, amelyben zokogva sz\u00e1molt be egy esem\u00e9nyr\u0151l, amely \u201emindent megv\u00e1ltoztatott\u201d. A fot\u00f3kon szokatlanul megt\u00f6rt, k\u00f6nnyez\u0151 arccal l\u00e1that\u00f3, amit\u0151l k\u00f6vet\u0151i&#8230;<\/p>\n","protected":false},"author":1,"featured_media":9034,"comment_status":"open","ping_status":"open","sticky":false,"template":"","format":"standard","meta":{"footnotes":""},"categories":[2],"tags":[],"class_list":["post-9031","post","type-post","status-publish","format-standard","has-post-thumbnail","hentry","category-altalanos"],"aioseo_notices":[],"_links":{"self":[{"href":"https:\/\/online-filmkatarzis.com\/kucko\/wp-json\/wp\/v2\/posts\/9031","targetHints":{"allow":["GET"]}}],"collection":[{"href":"https:\/\/online-filmkatarzis.com\/kucko\/wp-json\/wp\/v2\/posts"}],"about":[{"href":"https:\/\/online-filmkatarzis.com\/kucko\/wp-json\/wp\/v2\/types\/post"}],"author":[{"embeddable":true,"href":"https:\/\/online-filmkatarzis.com\/kucko\/wp-json\/wp\/v2\/users\/1"}],"replies":[{"embeddable":true,"href":"https:\/\/online-filmkatarzis.com\/kucko\/wp-json\/wp\/v2\/comments?post=9031"}],"version-history":[{"count":3,"href":"https:\/\/online-filmkatarzis.com\/kucko\/wp-json\/wp\/v2\/posts\/9031\/revisions"}],"predecessor-version":[{"id":9050,"href":"https:\/\/online-filmkatarzis.com\/kucko\/wp-json\/wp\/v2\/posts\/9031\/revisions\/9050"}],"wp:featuredmedia":[{"embeddable":true,"href":"https:\/\/online-filmkatarzis.com\/kucko\/wp-json\/wp\/v2\/media\/9034"}],"wp:attachment":[{"href":"https:\/\/online-filmkatarzis.com\/kucko\/wp-json\/wp\/v2\/media?parent=9031"}],"wp:term":[{"taxonomy":"category","embeddable":true,"href":"https:\/\/online-filmkatarzis.com\/kucko\/wp-json\/wp\/v2\/categories?post=9031"},{"taxonomy":"post_tag","embeddable":true,"href":"https:\/\/online-filmkatarzis.com\/kucko\/wp-json\/wp\/v2\/tags?post=9031"}],"curies":[{"name":"wp","href":"https:\/\/api.w.org\/{rel}","templated":true}]}}