{"id":9116,"date":"2025-12-26T17:32:41","date_gmt":"2025-12-26T16:32:41","guid":{"rendered":"https:\/\/online-filmkatarzis.com\/kucko\/?p=9116"},"modified":"2025-12-28T06:49:40","modified_gmt":"2025-12-28T05:49:40","slug":"megrazo-vallomast-tett-magyar-peter-szenteste","status":"publish","type":"post","link":"https:\/\/online-filmkatarzis.com\/kucko\/megrazo-vallomast-tett-magyar-peter-szenteste\/","title":{"rendered":"Megr\u00e1z\u00f3 vallom\u00e1st tett Magyar P\u00e9ter szenteste!"},"content":{"rendered":"<h3>Ahogy k\u00f6zeledik a 2026-os orsz\u00e1ggy\u0171l\u00e9si v\u00e1laszt\u00e1s, egyre nagyobb a nyom\u00e1s a politikai t\u00e9rben \u2013 \u00e9s m\u00e1r a kar\u00e1csony sem jelent mened\u00e9ket. A Fidesz \u00e9s a Tisza P\u00e1rt fej fej mellett halad, a kamp\u00e1ny pedig olyan intenz\u00edvv\u00e9 v\u00e1lt, hogy m\u00e9g az \u00fcnnepi asztalok mell\u0151l sem lehet elmenek\u00fclni. Ebben a felfokozott hangulatban sz\u00f3lalt meg kar\u00e1csony m\u00e1sodik napj\u00e1n Magyar P\u00e9ter, \u00e1m most nem megszokott politikai \u00fczenetekkel.<br \/>\nMUTATJUK A R\u00c9SZLETEKET!<\/h3>\n<h3><span style=\"color: #ff0000;\"><strong>A h\u00edr nem \u00e9rt v\u00e9get! Folytat\u00e1shoz haszn\u00e1ld a K\u00d6VETKEZ\u0150 OLDAL gombot!<\/strong><\/span><\/h3>\n<h3><strong><!--nextpage--><\/strong><\/h3>\n<h3>Az interj\u00fat Szily N\u00f3ra k\u00e9sz\u00edtette, \u00e9s hamar olyan ir\u00e1nyba terelte a besz\u00e9lget\u00e9st, amely ritk\u00e1n ker\u00fcl reflektorf\u00e9nybe: milyen \u00e1rat fizet egy politikus a folyamatos orsz\u00e1gj\u00e1r\u00e1s\u00e9rt, \u00e9s mi marad a mag\u00e1n\u00e9letb\u0151l egy ki\u00e9lezett kamp\u00e1ny k\u00f6zep\u00e9n?<br \/>\nMagyar P\u00e9ter v\u00e1lasza letagl\u00f3z\u00f3 volt. Nem sablonos mondatokkal h\u00e1r\u00edtott, hanem \u0151szint\u00e9n besz\u00e9lt arr\u00f3l, hogy egy kapcsolat nem al\u00e1-f\u00f6l\u00e9rendelts\u00e9gr\u0151l sz\u00f3l. \u201eNem kiszolg\u00e1lni kell egym\u00e1st, hanem sz\u00f6vets\u00e9gesnek lenni\u201d \u2013 fogalmazott, \u00e9s ezzel sokak szerint v\u00e1ratlanul m\u00e9ly h\u00farokat pengetett. Elismerte: amikor hajnalban, kimer\u00fclten \u00e9r haza egy-egy nap v\u00e9g\u00e9n, a legnagyobb \u00e9rt\u00e9k nem a taps vagy a statisztika, hanem az \u00e9rzelmi biztons\u00e1g.<br \/>\nEZUT\u00c1N J\u00d6TT A D\u00d6BBENETES VALLOM\u00c1S:<\/h3>\n<h3><span style=\"color: #ff0000;\"><strong>A h\u00edr nem \u00e9rt v\u00e9get! Folytat\u00e1shoz haszn\u00e1ld a K\u00d6VETKEZ\u0150 OLDAL gombot!<\/strong><\/span><\/h3>\n<h3><strong><!--nextpage--><\/strong><\/h3>\n<h3>A n\u00e9z\u0151k \u00e9rezhet\u0151en megd\u00f6bbentek. Ritk\u00e1n hallani politikust ennyire ny\u00edltan besz\u00e9lni a lelki terhekr\u0151l, k\u00fcl\u00f6n\u00f6sen akkor, amikor ellenfelek, elemz\u0151k \u00e9s szavaz\u00f3k minden gesztust figyelnek. Mik\u00f6zben kor\u00e1bban Orb\u00e1n Viktor megsz\u00f3lal\u00e1sai uralt\u00e1k a k\u00f6zbesz\u00e9det, most Magyar P\u00e9ter eg\u00e9szen m\u00e1s eszk\u00f6zh\u00f6z ny\u00falt: az \u0151szintes\u00e9ghez.<br \/>\nA kar\u00e1csonyfa el\u0151tt r\u00f6gz\u00edtett interj\u00fa sokak szerint tudatos kommunik\u00e1ci\u00f3s l\u00e9p\u00e9s volt \u2013 de \u00e9ppen att\u00f3l v\u00e1lt igaz\u00e1n er\u0151ss\u00e9, hogy nem t\u0171nt annak. A besz\u00e9lget\u00e9s v\u00e9g\u00e9re vil\u00e1goss\u00e1 v\u00e1lt: a Tisza P\u00e1rt vezet\u0151je nemcsak politikai strat\u00e9gi\u00e1ban gondolkodik, hanem abban is, hogyan lehet emberileg \u00e9s ment\u00e1lisan t\u00fal\u00e9lni a 2026-ig vezet\u0151, k\u00edm\u00e9letlen utat.<br \/>\n\u00c9s tal\u00e1n \u00e9ppen ez a vallom\u00e1s tette a szentest\u00e9t igaz\u00e1n megr\u00e1z\u00f3v\u00e1. A k\u00e9rd\u00e9s teh\u00e1t adott: Hogyan lehet ment\u00e1lisan t\u00fal\u00e9lni a 2026-ig vezet\u0151 utat?<\/h3>\n<p>VIA contextus<\/p>\n","protected":false},"excerpt":{"rendered":"<p>Ahogy k\u00f6zeledik a 2026-os orsz\u00e1ggy\u0171l\u00e9si v\u00e1laszt\u00e1s, egyre nagyobb a nyom\u00e1s a politikai t\u00e9rben \u2013 \u00e9s m\u00e1r a kar\u00e1csony sem jelent mened\u00e9ket. A Fidesz \u00e9s a Tisza P\u00e1rt fej fej mellett halad, a&#8230;<\/p>\n","protected":false},"author":1,"featured_media":9117,"comment_status":"open","ping_status":"open","sticky":false,"template":"","format":"standard","meta":{"footnotes":""},"categories":[2],"tags":[],"class_list":["post-9116","post","type-post","status-publish","format-standard","has-post-thumbnail","hentry","category-altalanos"],"aioseo_notices":[],"_links":{"self":[{"href":"https:\/\/online-filmkatarzis.com\/kucko\/wp-json\/wp\/v2\/posts\/9116","targetHints":{"allow":["GET"]}}],"collection":[{"href":"https:\/\/online-filmkatarzis.com\/kucko\/wp-json\/wp\/v2\/posts"}],"about":[{"href":"https:\/\/online-filmkatarzis.com\/kucko\/wp-json\/wp\/v2\/types\/post"}],"author":[{"embeddable":true,"href":"https:\/\/online-filmkatarzis.com\/kucko\/wp-json\/wp\/v2\/users\/1"}],"replies":[{"embeddable":true,"href":"https:\/\/online-filmkatarzis.com\/kucko\/wp-json\/wp\/v2\/comments?post=9116"}],"version-history":[{"count":4,"href":"https:\/\/online-filmkatarzis.com\/kucko\/wp-json\/wp\/v2\/posts\/9116\/revisions"}],"predecessor-version":[{"id":9149,"href":"https:\/\/online-filmkatarzis.com\/kucko\/wp-json\/wp\/v2\/posts\/9116\/revisions\/9149"}],"wp:featuredmedia":[{"embeddable":true,"href":"https:\/\/online-filmkatarzis.com\/kucko\/wp-json\/wp\/v2\/media\/9117"}],"wp:attachment":[{"href":"https:\/\/online-filmkatarzis.com\/kucko\/wp-json\/wp\/v2\/media?parent=9116"}],"wp:term":[{"taxonomy":"category","embeddable":true,"href":"https:\/\/online-filmkatarzis.com\/kucko\/wp-json\/wp\/v2\/categories?post=9116"},{"taxonomy":"post_tag","embeddable":true,"href":"https:\/\/online-filmkatarzis.com\/kucko\/wp-json\/wp\/v2\/tags?post=9116"}],"curies":[{"name":"wp","href":"https:\/\/api.w.org\/{rel}","templated":true}]}}