{"id":9158,"date":"2025-12-28T16:22:06","date_gmt":"2025-12-28T15:22:06","guid":{"rendered":"https:\/\/online-filmkatarzis.com\/kucko\/?p=9158"},"modified":"2025-12-28T16:22:06","modified_gmt":"2025-12-28T15:22:06","slug":"o-kollo-babett-lanyanak-apja","status":"publish","type":"post","link":"https:\/\/online-filmkatarzis.com\/kucko\/o-kollo-babett-lanyanak-apja\/","title":{"rendered":"\u0150 K\u00f6ll\u0151 Babett l\u00e1ny\u00e1nak apja!"},"content":{"rendered":"<h3>Kar\u00e1csony el\u0151tt p\u00e1r nappal olyan interj\u00fa k\u00e9sz\u00fclt, amire kevesen sz\u00e1m\u00edtottak. K\u00f6ll\u0151 Babett egy exkluz\u00edv vide\u00f3ban mes\u00e9lt a boldog h\u00e1zass\u00e1g titk\u00e1r\u00f3l \u2013 de k\u00f6zben sokkal t\u00f6bbet is el\u00e1rult, mint azt b\u00e1rki gondolta volna.<br \/>\nAz interj\u00fara l\u00e1nya, Milla is elk\u00eds\u00e9rte \u2013 \u00e9s m\u00e1r ez a mozzanat sejtette, hogy ez a besz\u00e9lget\u00e9s nem lesz h\u00e9tk\u00f6znapi. Babett ugyanis ritk\u00e1n enged betekint\u00e9st a mag\u00e1n\u00e9let\u00e9be, most azonban kiv\u00e9telt tett. A n\u00e9z\u0151k pedig csak kapkodt\u00e1k a fej\u00fcket\u2026<br \/>\nMUTATJUK A R\u00c9SZLETEKET!<\/h3>\n<h3><span style=\"color: #ff0000;\"><strong>A h\u00edr nem \u00e9rt v\u00e9get! Folytat\u00e1shoz haszn\u00e1ld a K\u00d6VETKEZ\u0150 OLDAL gombot!<\/strong><\/span><\/h3>\n<h3 style=\"text-align: right;\"><a href=\"https:\/\/online-filmkatarzis.com\/kucko\/hirek\/o-kollo-babett-lanyanak-apja\/\" target=\"_blank\" rel=\"noopener\"><span style=\"color: #ff0000;\">&#8212;&gt;&gt; K\u00d6VETKEZ\u0150 OLDAL<\/span><\/a><\/h3>\n<p>&#8211;<\/p>\n<p>A Land Rover igaz\u00e1n remek munk\u00e1t v\u00e9gzett azzal, hogy a Defender modellt \u00e1temelte a 21. sz\u00e1zadba, mik\u00f6zben h\u0171 maradt az ikonikus el\u0151dh\u00f6z. B\u00e1r az aut\u00f3 \u00f6sszk\u00e9pe egy\u00e9rtelm\u0171 utal\u00e1sokat hordoz a kor\u00e1bbi gener\u00e1ci\u00f3ra, a val\u00f3s\u00e1gban ez a modern 4\u00d74-es m\u00e1r egy eg\u00e9szen m\u00e1s szintet k\u00e9pvisel. Nem csup\u00e1n egy retr\u00f3 diz\u00e1jnelem, hanem egy val\u00f3di, technol\u00f3giailag fejlett terepj\u00e1r\u00f3, amely a leg\u00fajabb technol\u00f3giai megold\u00e1sokat \u00f6tv\u00f6zi a m\u00e1rka hagyom\u00e1nyos strapab\u00edr\u00f3s\u00e1g\u00e1val.<\/p>\n<p>A karossz\u00e9ria ar\u00e1nyai m\u00e9g mindig eml\u00e9keztetnek a r\u00e9gi Defenderre, de minden nagyobb, robusztusabb \u00e9s l\u00e1that\u00f3an a praktikum jegy\u00e9ben lett tervezve. Ez m\u00e1r nem az a sp\u00e1rtai terepj\u00e1r\u00f3, amit a hadsereg \u00e9s farmerek haszn\u00e1ltak, m\u00e9gis megmaradt benne valami abb\u00f3l a purit\u00e1n, \u201eb\u00e1rmit kib\u00edr\u00f3\u201d szellemis\u00e9gb\u0151l. A bels\u0151 t\u00e9r p\u00e9ld\u00e1ul tudatosan nem rejti el a funkcion\u00e1lis r\u00e9szleteket: a csavarfejek szabadon l\u00e1that\u00f3k, az alum\u00ednium fel\u00fcletek porsz\u00f3rt bevonattal vannak ell\u00e1tva, \u00e9s egy massz\u00edv magn\u00e9zium\u00f6tv\u00f6zet v\u00e1laszt\u00f3fal osztja meg a teret. A karossz\u00e9ria sz\u00edn\u00e9vel megegyez\u0151 f\u00e9mcs\u00edkok \u00e9s a lemoshat\u00f3, form\u00e1zott gumibor\u00edt\u00e1s\u00fa padl\u00f3 is azt sugallja, hogy ez az aut\u00f3 nemcsak v\u00e1rosi divatcikk, hanem val\u00f3di terepmunk\u00e1ra termett g\u00e9p.<\/p>\n<p>B\u00e1r a luxus szintje nem \u00e9ri el a hagyom\u00e1nyos Land Rover modellek\u00e9t, a bels\u0151 t\u00e9r \u00edgy is rendk\u00edv\u00fcl karakteres \u00e9s h\u0171 marad az aut\u00f3 c\u00e9lj\u00e1hoz: robusztus, j\u00f3l \u00f6sszerakott, \u00e9s m\u00e9gis meglep\u0151en k\u00e9nyelmes. A fontosabb helyeken puha tapint\u00e1s\u00fa anyagokat alkalmaztak, \u00edgy a pr\u00e9mium \u00e9rzet sem veszett el teljesen, s\u0151t, a kontraszt m\u00e9g jobban kiemeli a Defender k\u00fcl\u00f6nlegess\u00e9g\u00e9t.<\/p>\n","protected":false},"excerpt":{"rendered":"<p>Kar\u00e1csony el\u0151tt p\u00e1r nappal olyan interj\u00fa k\u00e9sz\u00fclt, amire kevesen sz\u00e1m\u00edtottak. K\u00f6ll\u0151 Babett egy exkluz\u00edv vide\u00f3ban mes\u00e9lt a boldog h\u00e1zass\u00e1g titk\u00e1r\u00f3l \u2013 de k\u00f6zben sokkal t\u00f6bbet is el\u00e1rult, mint azt b\u00e1rki gondolta volna&#8230;.<\/p>\n","protected":false},"author":1,"featured_media":9159,"comment_status":"open","ping_status":"open","sticky":false,"template":"","format":"standard","meta":{"footnotes":""},"categories":[2],"tags":[],"class_list":["post-9158","post","type-post","status-publish","format-standard","has-post-thumbnail","hentry","category-altalanos"],"aioseo_notices":[],"_links":{"self":[{"href":"https:\/\/online-filmkatarzis.com\/kucko\/wp-json\/wp\/v2\/posts\/9158","targetHints":{"allow":["GET"]}}],"collection":[{"href":"https:\/\/online-filmkatarzis.com\/kucko\/wp-json\/wp\/v2\/posts"}],"about":[{"href":"https:\/\/online-filmkatarzis.com\/kucko\/wp-json\/wp\/v2\/types\/post"}],"author":[{"embeddable":true,"href":"https:\/\/online-filmkatarzis.com\/kucko\/wp-json\/wp\/v2\/users\/1"}],"replies":[{"embeddable":true,"href":"https:\/\/online-filmkatarzis.com\/kucko\/wp-json\/wp\/v2\/comments?post=9158"}],"version-history":[{"count":1,"href":"https:\/\/online-filmkatarzis.com\/kucko\/wp-json\/wp\/v2\/posts\/9158\/revisions"}],"predecessor-version":[{"id":9160,"href":"https:\/\/online-filmkatarzis.com\/kucko\/wp-json\/wp\/v2\/posts\/9158\/revisions\/9160"}],"wp:featuredmedia":[{"embeddable":true,"href":"https:\/\/online-filmkatarzis.com\/kucko\/wp-json\/wp\/v2\/media\/9159"}],"wp:attachment":[{"href":"https:\/\/online-filmkatarzis.com\/kucko\/wp-json\/wp\/v2\/media?parent=9158"}],"wp:term":[{"taxonomy":"category","embeddable":true,"href":"https:\/\/online-filmkatarzis.com\/kucko\/wp-json\/wp\/v2\/categories?post=9158"},{"taxonomy":"post_tag","embeddable":true,"href":"https:\/\/online-filmkatarzis.com\/kucko\/wp-json\/wp\/v2\/tags?post=9158"}],"curies":[{"name":"wp","href":"https:\/\/api.w.org\/{rel}","templated":true}]}}