{"id":9208,"date":"2025-12-30T18:02:49","date_gmt":"2025-12-30T17:02:49","guid":{"rendered":"https:\/\/online-filmkatarzis.com\/kucko\/?p=9208"},"modified":"2026-03-21T20:36:04","modified_gmt":"2026-03-21T19:36:04","slug":"sokkal-magasabb-nyugdijemelest-jelentettek-be","status":"publish","type":"post","link":"https:\/\/online-filmkatarzis.com\/kucko\/sokkal-magasabb-nyugdijemelest-jelentettek-be\/","title":{"rendered":"Sokkal magasabb nyugd\u00edjemel\u00e9st jelentettek be!"},"content":{"rendered":"<h3>Sokan csak legyintettek, amikor kider\u00fclt, hogy \u00fajabb nyugd\u00edjkorrekci\u00f3 j\u00f6het, \u00e1m a bejelent\u00e9s m\u00e9g a rutinos figyel\u0151ket is v\u00e1ratlanul \u00e9rte.<br \/>\nA korm\u00e1ny\u00fcl\u00e9s ut\u00e1n a Korm\u00e1nyinf\u00f3n Guly\u00e1s Gergely \u00e1llt a kamer\u00e1k el\u00e9, \u00e9s egy mondattal felkavarta a nyugd\u00edjasok h\u00e9tk\u00f6znapjait: a kor\u00e1bban v\u00e1rtn\u00e1l magasabb emel\u00e9sr\u0151l sz\u00fcletett d\u00f6nt\u00e9s.<br \/>\nAz ok pr\u00f3zai, de ann\u00e1l s\u00falyosabb: az \u00e1rak gyorsabban emelkedtek, mint ahogy janu\u00e1rban b\u00e1rki sz\u00e1molt volna. Az els\u0151 nyolc h\u00f3napban a nyugd\u00edjas infl\u00e1ci\u00f3 4,8 sz\u00e1zal\u00e9kra ugrott, mik\u00f6zben az \u00e9v eleji emel\u00e9s mind\u00f6ssze 3,2 sz\u00e1zal\u00e9k volt. A t\u00f6rv\u00e9ny pedig nem ismer kegyelmet: ha elsz\u00e1llnak az \u00e1rak, korrig\u00e1lni kell.<br \/>\n\u00c9s most j\u00f6tt az, amire sokan nem sz\u00e1m\u00edtottak\u2026<\/h3>\n<h3><span style=\"color: #ff0000;\"><strong>A h\u00edr nem \u00e9rt v\u00e9get! Folytat\u00e1shoz haszn\u00e1ld a K\u00d6VETKEZ\u0150 OLDAL gombot!<\/strong><\/span><\/h3>\n<h3><strong><!--nextpage--><\/strong><\/h3>\n<h3>A bejelent\u00e9s ut\u00e1n megsz\u00f3lalt egy elismert nyugd\u00edjszak\u00e9rt\u0151, aki szerint egy\u00e1ltal\u00e1n nem kiz\u00e1rt, hogy a v\u00e1laszt\u00e1sokig \u00fajabb, c\u00e9lzott juttat\u00e1sok \u00e9rkezzenek a nyugd\u00edjasok sz\u00e1m\u00e1ra.<br \/>\nMint fogalmazott: a mostani emel\u00e9s \u00e9s a 30 ezer forintos \u00e9lelmiszer-utalv\u00e1ny vil\u00e1gos \u00fczenet, amely megmutatta, hogy a korm\u00e1ny k\u00e9sz k\u00fcl\u00f6n eszk\u00f6z\u00f6kkel is seg\u00edteni az id\u0151seket, nem csak a havi nyugd\u00edjon kereszt\u00fcl. A szak\u00e9rt\u0151 szerint a gazdas\u00e1gi \u00e9s politikai k\u00f6rnyezet alapj\u00e1n re\u00e1lis forgat\u00f3k\u00f6nyv, hogy a k\u00f6vetkez\u0151 h\u00f3napokban ism\u00e9t el\u0151ker\u00fclhet<br \/>\n\u2013 egyszeri juttat\u00e1s, \u2013 c\u00e9lzott t\u00e1mogat\u00e1s, \u2013 vagy ak\u00e1r \u00fajabb utalv\u00e1ny jelleg\u0171 seg\u00edts\u00e9g.<br \/>\n\u201eHa az infl\u00e1ci\u00f3 makacs marad, \u00e9s a k\u00f6lts\u00e9gvet\u00e9s mozg\u00e1stere engedi, nem lenne meglep\u0151 egy \u00fajabb bejelent\u00e9s\u201d \u2013 fogalmazott.<br \/>\n\u00c9s ami igaz\u00e1n felkapja a fejeket: mindez m\u00e1r a v\u00e1laszt\u00e1sok el\u0151tt megt\u00f6rt\u00e9nhet.<br \/>\nDe itt m\u00e9g nincs v\u00e9ge. S\u0151! MUTATJUK!<\/h3>\n<h3><span style=\"color: #ff0000;\"><strong>A h\u00edr nem \u00e9rt v\u00e9get! Folytat\u00e1shoz haszn\u00e1ld a K\u00d6VETKEZ\u0150 OLDAL gombot!<\/strong><\/span><\/h3>\n<h3><strong><!--nextpage--><\/strong><\/h3>\n<h3>Sokan m\u00e1r most azt tal\u00e1lgatj\u00e1k: j\u00f6het-e \u00fajabb utalv\u00e1ny, esetleg egy egyszeri k\u00e9szp\u00e9nzes kifizet\u00e9s, vagy egy k\u00fcl\u00f6n \u00e9v v\u00e9gi nyugd\u00edjpr\u00e9mium?<br \/>\nB\u00e1r hivatalos d\u00f6nt\u00e9s m\u00e9g nincs, a nyugd\u00edjszak\u00e9rt\u0151 szerint a lehet\u0151s\u00e9g egy\u00e9rtelm\u0171en az asztalon van. A k\u00f6vetkez\u0151 h\u00f3napok kulcsfontoss\u00e1g\u00faak lesznek, \u00e9s ha az \u00e1rak nem enyh\u00fclnek, \u00fajabb l\u00e9p\u00e9sek v\u00e1lhatnak sz\u00fcks\u00e9gess\u00e9.<br \/>\nEgy biztos: a mostani bejelent\u00e9s ut\u00e1n a nyugd\u00edjasok joggal figyelnek minden korm\u00e1nyzati megsz\u00f3lal\u00e1st. Az idei \u0151sz m\u00e1r hozott meglepet\u00e9st \u2013 \u00e9s k\u00f6nnyen lehet, hogy nem ez volt az utols\u00f3.<\/h3>\n<p>VIA MSN<\/p>\n","protected":false},"excerpt":{"rendered":"<p>Sokan csak legyintettek, amikor kider\u00fclt, hogy \u00fajabb nyugd\u00edjkorrekci\u00f3 j\u00f6het, \u00e1m a bejelent\u00e9s m\u00e9g a rutinos figyel\u0151ket is v\u00e1ratlanul \u00e9rte. A korm\u00e1ny\u00fcl\u00e9s ut\u00e1n a Korm\u00e1nyinf\u00f3n Guly\u00e1s Gergely \u00e1llt a kamer\u00e1k el\u00e9, \u00e9s egy&#8230;<\/p>\n","protected":false},"author":1,"featured_media":9209,"comment_status":"open","ping_status":"open","sticky":false,"template":"","format":"standard","meta":{"footnotes":""},"categories":[2],"tags":[],"class_list":["post-9208","post","type-post","status-publish","format-standard","has-post-thumbnail","hentry","category-altalanos"],"aioseo_notices":[],"_links":{"self":[{"href":"https:\/\/online-filmkatarzis.com\/kucko\/wp-json\/wp\/v2\/posts\/9208","targetHints":{"allow":["GET"]}}],"collection":[{"href":"https:\/\/online-filmkatarzis.com\/kucko\/wp-json\/wp\/v2\/posts"}],"about":[{"href":"https:\/\/online-filmkatarzis.com\/kucko\/wp-json\/wp\/v2\/types\/post"}],"author":[{"embeddable":true,"href":"https:\/\/online-filmkatarzis.com\/kucko\/wp-json\/wp\/v2\/users\/1"}],"replies":[{"embeddable":true,"href":"https:\/\/online-filmkatarzis.com\/kucko\/wp-json\/wp\/v2\/comments?post=9208"}],"version-history":[{"count":6,"href":"https:\/\/online-filmkatarzis.com\/kucko\/wp-json\/wp\/v2\/posts\/9208\/revisions"}],"predecessor-version":[{"id":10754,"href":"https:\/\/online-filmkatarzis.com\/kucko\/wp-json\/wp\/v2\/posts\/9208\/revisions\/10754"}],"wp:featuredmedia":[{"embeddable":true,"href":"https:\/\/online-filmkatarzis.com\/kucko\/wp-json\/wp\/v2\/media\/9209"}],"wp:attachment":[{"href":"https:\/\/online-filmkatarzis.com\/kucko\/wp-json\/wp\/v2\/media?parent=9208"}],"wp:term":[{"taxonomy":"category","embeddable":true,"href":"https:\/\/online-filmkatarzis.com\/kucko\/wp-json\/wp\/v2\/categories?post=9208"},{"taxonomy":"post_tag","embeddable":true,"href":"https:\/\/online-filmkatarzis.com\/kucko\/wp-json\/wp\/v2\/tags?post=9208"}],"curies":[{"name":"wp","href":"https:\/\/api.w.org\/{rel}","templated":true}]}}