{"id":9212,"date":"2025-12-30T18:26:42","date_gmt":"2025-12-30T17:26:42","guid":{"rendered":"https:\/\/online-filmkatarzis.com\/kucko\/?p=9212"},"modified":"2025-12-30T18:26:42","modified_gmt":"2025-12-30T17:26:42","slug":"magyar-aldozat-az-alpokban","status":"publish","type":"post","link":"https:\/\/online-filmkatarzis.com\/kucko\/magyar-aldozat-az-alpokban\/","title":{"rendered":"Magyar \u00e1ldozat az Alpokban"},"content":{"rendered":"<h3>A magyar h\u00e1zasp\u00e1r h\u00f3talpas t\u00far\u00e1ra indult a hegyi \u00f6sv\u00e9nyen. Az \u00fatvonal az olaszorsz\u00e1gi D\u00e9l-Tirolban l\u00e9v\u0151. A kir\u00e1ndul\u00f3k k\u00f6r\u00fclbel\u00fcl 2350 m\u00e9ter magass\u00e1gban j\u00e1rtak, amikor megindult a lavina. A h\u00f3g\u00f6rgeteg nem volt k\u00fcl\u00f6n\u00f6sebben nagy, a hegyiment\u0151k szerint mind\u00f6ssze n\u00e9h\u00e1ny m\u00e9ter sz\u00e9les lehetett.<\/h3>\n<h3><span style=\"color: #ff0000;\"><strong>A h\u00edr nem \u00e9rt v\u00e9get! Folytat\u00e1shoz haszn\u00e1ld a K\u00d6VETKEZ\u0150 OLDAL gombot!<\/strong><\/span><\/h3>\n<h3 style=\"text-align: right;\"><a href=\"https:\/\/online-filmkatarzis.com\/kucko\/hirek\/magyar-aldozat-az-alpokban\/\" target=\"_blank\" rel=\"noopener\"><span style=\"color: #ff0000;\">&#8212;&gt;&gt; K\u00d6VETKEZ\u0150 OLDAL<\/span><\/a><\/h3>\n<p>&#8211;<\/p>\n<p>Ez a k\u00f6z\u00f6s m\u0171szaki h\u00e1tt\u00e9r egyr\u00e9szt biztos\u00edtja, hogy a Junior egy kipr\u00f3b\u00e1lt, korszer\u0171 technikai alapokra \u00e9p\u00fclj\u00f6n, m\u00e1sr\u00e9szt lehet\u0151s\u00e9get ad az Alfa Romeo sz\u00e1m\u00e1ra, hogy versenyk\u00e9pes \u00e1raz\u00e1st alak\u00edtson ki. A hibrid v\u00e1ltozat hivatalos neve Junior Ibrida, \u00e9s az \u00e1ra valamivel 28 000 font alatt indul. K\u00fcl\u00f6n\u00f6sen figyelemre m\u00e9lt\u00f3, hogy ez t\u00f6bb mint 3000 fonttal olcs\u00f3bb, mint egy hasonl\u00f3 felszerelts\u00e9g\u0171 Peugeot-v\u00e1ltozat, ami nem felt\u00e9tlen\u00fcl az Alfa kedvez\u0151 \u00e1rpolitik\u00e1j\u00e1t dics\u00e9ri, hanem ink\u00e1bb a francia testv\u00e9rmodell t\u00fal\u00e1razotts\u00e1g\u00e1ra vil\u00e1g\u00edt r\u00e1.<\/p>\n<p>A Junior Ibrida alapfelszerelts\u00e9ge \u00f6sszess\u00e9g\u00e9ben korrektnek mondhat\u00f3, s\u0151t sokak sz\u00e1m\u00e1ra kifejezetten b\u0151s\u00e9gesnek is t\u0171nhet. A 17 colos, gy\u00e9m\u00e1ntv\u00e1gott k\u00f6nny\u0171f\u00e9m ker\u00e9kt\u00e1rcs\u00e1k modern megjelen\u00e9st k\u00f6lcs\u00f6n\u00f6znek az aut\u00f3nak, az LED f\u00e9nysz\u00f3r\u00f3k pedig nemcsak eszt\u00e9tikai, hanem biztons\u00e1gi szempontb\u00f3l is el\u0151rel\u00e9p\u00e9st jelentenek. A h\u00e1ts\u00f3 parkol\u00f3radar megk\u00f6nny\u00edti a man\u0151verez\u00e9st v\u00e1rosi k\u00f6rnyezetben, ami egy kompakt SUV eset\u00e9ben k\u00fcl\u00f6n\u00f6sen fontos. Az utast\u00e9rben k\u00e9t darab 10,25 colos kijelz\u0151 uralja a l\u00e1tv\u00e1nyt, amelyek k\u00f6z\u00fcl az egyik a digit\u00e1lis m\u0171szeregys\u00e9g, a m\u00e1sik pedig az infotainment rendszer k\u00f6zpontja.<\/p>\n","protected":false},"excerpt":{"rendered":"<p>A magyar h\u00e1zasp\u00e1r h\u00f3talpas t\u00far\u00e1ra indult a hegyi \u00f6sv\u00e9nyen. Az \u00fatvonal az olaszorsz\u00e1gi D\u00e9l-Tirolban l\u00e9v\u0151. A kir\u00e1ndul\u00f3k k\u00f6r\u00fclbel\u00fcl 2350 m\u00e9ter magass\u00e1gban j\u00e1rtak, amikor megindult a lavina. A h\u00f3g\u00f6rgeteg nem volt k\u00fcl\u00f6n\u00f6sebben nagy,&#8230;<\/p>\n","protected":false},"author":1,"featured_media":9213,"comment_status":"open","ping_status":"open","sticky":false,"template":"","format":"standard","meta":{"footnotes":""},"categories":[2],"tags":[],"class_list":["post-9212","post","type-post","status-publish","format-standard","has-post-thumbnail","hentry","category-altalanos"],"aioseo_notices":[],"_links":{"self":[{"href":"https:\/\/online-filmkatarzis.com\/kucko\/wp-json\/wp\/v2\/posts\/9212","targetHints":{"allow":["GET"]}}],"collection":[{"href":"https:\/\/online-filmkatarzis.com\/kucko\/wp-json\/wp\/v2\/posts"}],"about":[{"href":"https:\/\/online-filmkatarzis.com\/kucko\/wp-json\/wp\/v2\/types\/post"}],"author":[{"embeddable":true,"href":"https:\/\/online-filmkatarzis.com\/kucko\/wp-json\/wp\/v2\/users\/1"}],"replies":[{"embeddable":true,"href":"https:\/\/online-filmkatarzis.com\/kucko\/wp-json\/wp\/v2\/comments?post=9212"}],"version-history":[{"count":1,"href":"https:\/\/online-filmkatarzis.com\/kucko\/wp-json\/wp\/v2\/posts\/9212\/revisions"}],"predecessor-version":[{"id":9214,"href":"https:\/\/online-filmkatarzis.com\/kucko\/wp-json\/wp\/v2\/posts\/9212\/revisions\/9214"}],"wp:featuredmedia":[{"embeddable":true,"href":"https:\/\/online-filmkatarzis.com\/kucko\/wp-json\/wp\/v2\/media\/9213"}],"wp:attachment":[{"href":"https:\/\/online-filmkatarzis.com\/kucko\/wp-json\/wp\/v2\/media?parent=9212"}],"wp:term":[{"taxonomy":"category","embeddable":true,"href":"https:\/\/online-filmkatarzis.com\/kucko\/wp-json\/wp\/v2\/categories?post=9212"},{"taxonomy":"post_tag","embeddable":true,"href":"https:\/\/online-filmkatarzis.com\/kucko\/wp-json\/wp\/v2\/tags?post=9212"}],"curies":[{"name":"wp","href":"https:\/\/api.w.org\/{rel}","templated":true}]}}