{"id":9218,"date":"2026-01-01T09:07:27","date_gmt":"2026-01-01T08:07:27","guid":{"rendered":"https:\/\/online-filmkatarzis.com\/kucko\/?p=9218"},"modified":"2026-01-01T09:07:27","modified_gmt":"2026-01-01T08:07:27","slug":"kalloy-molnar-peter-ozvegye-megszolalt","status":"publish","type":"post","link":"https:\/\/online-filmkatarzis.com\/kucko\/kalloy-molnar-peter-ozvegye-megszolalt\/","title":{"rendered":"K\u00e1lloy Moln\u00e1r P\u00e9ter \u00f6zvegye megsz\u00f3lalt!"},"content":{"rendered":"<h3>M\u00e9ly \u00e9s \u0151szinte interj\u00fat adott a Storynak a december elsej\u00e9n elhunyt K\u00e1lloy Moln\u00e1r P\u00e9ter \u00f6zvegye, Lest\u00e1r \u00c1gnes. Mes\u00e9lt az elenged\u00e9s pillanat\u00e1r\u00f3l \u00e9s arr\u00f3l, hogyan telnek jelenleg a mindennapjai. A n\u00e9pszer\u0171 sz\u00edn\u00e9sz az utols\u00f3 napjait k\u00f3rh\u00e1zban t\u00f6lt\u00f6tte. \u201eIgen, de m\u00e9g akkor is azt gondoltuk, hogy meggy\u00f3gyul \u2013 mondta a Storynak adott interj\u00faj\u00e1ban. MUTATJUK A R\u00c9SZLETEKET!<\/h3>\n<h3><span style=\"color: #ff0000;\"><strong>A h\u00edr nem \u00e9rt v\u00e9get! Folytat\u00e1shoz haszn\u00e1ld a K\u00d6VETKEZ\u0150 OLDAL gombot!<\/strong><\/span><\/h3>\n<h3 style=\"text-align: right;\"><a href=\"https:\/\/online-filmkatarzis.com\/kucko\/hirek\/kalloy-molnar-peter-ozvegye-megszolalt\/\" target=\"_blank\" rel=\"noopener\"><span style=\"color: #ff0000;\">&#8212;&gt;&gt; K\u00d6VETKEZ\u0150 OLDAL<\/span><\/a><\/h3>\n<p>&#8211;<\/p>\n<p>Mindezek ellen\u00e9re az Alfa Romeo Junior egyik leger\u0151sebb \u00fct\u0151k\u00e1rty\u00e1ja k\u00e9ts\u00e9gtelen\u00fcl a megjelen\u00e9se. Annak ellen\u00e9re, hogy egy k\u00f6z\u00f6s platformra \u00e9p\u00fcl, a kis SUV formavil\u00e1ga rendk\u00edv\u00fcl karakteres \u00e9s azonnal felismerhet\u0151. Az els\u0151 \u00e9s h\u00e1ts\u00f3 t\u00falny\u00fal\u00e1sok minim\u00e1lisak, ami feszes, sportos ar\u00e1nyokat eredm\u00e9nyez. A mark\u00e1ns ker\u00e9kj\u00e1rati \u00edvek \u00e9s az \u00fagynevezett \u201elebeg\u0151\u201d tet\u0151, amelyet a feket\u00e9vel els\u00f6t\u00e9t\u00edtett h\u00e1ts\u00f3 tet\u0151oszlop hangs\u00falyoz, tov\u00e1bb er\u0151s\u00edtik ezt a dinamikus ki\u00e1ll\u00e1st. Az orron megjelenik az Alfa Romeo hagyom\u00e1nyos Scudetto pajzs\u00e1nak egy \u00faj, modern \u00e9rtelmez\u00e9se, amely friss, m\u00e9gis m\u00e1rkah\u0171 hat\u00e1st kelt. Az els\u0151 r\u00e9sz \u00f6sszk\u00e9pe kifejezetten agressz\u00edv, az \u00e9les vonalvezet\u00e9s\u0171, karakteres m\u00e1trix LED f\u00e9nysz\u00f3r\u00f3k pedig hat\u00e1rozott tekintetet adnak az aut\u00f3nak.<\/p>\n<p>A h\u00e1ts\u00f3 forma az Alfa Romeo szerint az ikonikus \u201eKamm tail\u201d kialak\u00edt\u00e1st id\u00e9zi meg, utalva a legend\u00e1s Giulia TZ modellre. Hogy ez az \u00e9rtelmez\u00e9s mennyire siker\u00fclt, az m\u00e1r \u00edzl\u00e9s k\u00e9rd\u00e9se, hiszen van, akinek azonnal bej\u00f6n, m\u00e1sok sz\u00e1m\u00e1ra tal\u00e1n t\u00falzottan formabont\u00f3. Egy dolog azonban vitathatatlan: a Junior messzir\u0151l is felismerhet\u0151, \u00e9s nem olvad bele a kis elektromos SUV-k egyre n\u00e9pesebb mez\u0151ny\u00e9be. Ez az egyedis\u00e9g sok v\u00e1s\u00e1rl\u00f3 sz\u00e1m\u00e1ra t\u00f6bbet jelenthet, mint n\u00e9h\u00e1ny t\u00edz m\u00e9rf\u00f6ldnyi plusz hat\u00f3t\u00e1v vagy n\u00e9h\u00e1ny perc el\u0151ny a gyorst\u00f6lt\u00e9sn\u00e9l.<\/p>\n","protected":false},"excerpt":{"rendered":"<p>M\u00e9ly \u00e9s \u0151szinte interj\u00fat adott a Storynak a december elsej\u00e9n elhunyt K\u00e1lloy Moln\u00e1r P\u00e9ter \u00f6zvegye, Lest\u00e1r \u00c1gnes. Mes\u00e9lt az elenged\u00e9s pillanat\u00e1r\u00f3l \u00e9s arr\u00f3l, hogyan telnek jelenleg a mindennapjai. A n\u00e9pszer\u0171 sz\u00edn\u00e9sz az&#8230;<\/p>\n","protected":false},"author":1,"featured_media":9219,"comment_status":"open","ping_status":"open","sticky":false,"template":"","format":"standard","meta":{"footnotes":""},"categories":[2],"tags":[],"class_list":["post-9218","post","type-post","status-publish","format-standard","has-post-thumbnail","hentry","category-altalanos"],"aioseo_notices":[],"_links":{"self":[{"href":"https:\/\/online-filmkatarzis.com\/kucko\/wp-json\/wp\/v2\/posts\/9218","targetHints":{"allow":["GET"]}}],"collection":[{"href":"https:\/\/online-filmkatarzis.com\/kucko\/wp-json\/wp\/v2\/posts"}],"about":[{"href":"https:\/\/online-filmkatarzis.com\/kucko\/wp-json\/wp\/v2\/types\/post"}],"author":[{"embeddable":true,"href":"https:\/\/online-filmkatarzis.com\/kucko\/wp-json\/wp\/v2\/users\/1"}],"replies":[{"embeddable":true,"href":"https:\/\/online-filmkatarzis.com\/kucko\/wp-json\/wp\/v2\/comments?post=9218"}],"version-history":[{"count":1,"href":"https:\/\/online-filmkatarzis.com\/kucko\/wp-json\/wp\/v2\/posts\/9218\/revisions"}],"predecessor-version":[{"id":9220,"href":"https:\/\/online-filmkatarzis.com\/kucko\/wp-json\/wp\/v2\/posts\/9218\/revisions\/9220"}],"wp:featuredmedia":[{"embeddable":true,"href":"https:\/\/online-filmkatarzis.com\/kucko\/wp-json\/wp\/v2\/media\/9219"}],"wp:attachment":[{"href":"https:\/\/online-filmkatarzis.com\/kucko\/wp-json\/wp\/v2\/media?parent=9218"}],"wp:term":[{"taxonomy":"category","embeddable":true,"href":"https:\/\/online-filmkatarzis.com\/kucko\/wp-json\/wp\/v2\/categories?post=9218"},{"taxonomy":"post_tag","embeddable":true,"href":"https:\/\/online-filmkatarzis.com\/kucko\/wp-json\/wp\/v2\/tags?post=9218"}],"curies":[{"name":"wp","href":"https:\/\/api.w.org\/{rel}","templated":true}]}}