{"id":9314,"date":"2026-01-05T13:20:26","date_gmt":"2026-01-05T12:20:26","guid":{"rendered":"https:\/\/online-filmkatarzis.com\/kucko\/?p=9314"},"modified":"2026-01-05T15:09:45","modified_gmt":"2026-01-05T14:09:45","slug":"ezt-uzente-a-nyugdijasoknak-orban-viktor","status":"publish","type":"post","link":"https:\/\/online-filmkatarzis.com\/kucko\/ezt-uzente-a-nyugdijasoknak-orban-viktor\/","title":{"rendered":"Ezt \u00fczente a nyugd\u00edjasoknak Orb\u00e1n Viktor!"},"content":{"rendered":"<h3>Orb\u00e1n Viktor nemzetk\u00f6zi sajt\u00f3t\u00e1j\u00e9koztat\u00f3j\u00e1n hat\u00e1rozottan \u00e9s egy\u00e9rtelm\u0171en \u00fczent a magyar nyugd\u00edjasoknak: nem engedi, hogy a gazdas\u00e1gi neh\u00e9zs\u00e9gek elvegy\u00e9k a nyugd\u00edjak \u00e9rt\u00e9k\u00e9t. A minisztereln\u00f6k hangs\u00falyozta, hogy a korm\u00e1ny elk\u00f6telezett a nyugd\u00edjak v\u00e1s\u00e1rl\u00f3erej\u00e9nek meg\u0151rz\u00e9se mellett, \u00e9s nemcsak megv\u00e9dik, hanem folyamatosan er\u0151s\u00edtik is azt \u2013 m\u00e9g a nemzetk\u00f6zi gazdas\u00e1gi kih\u00edv\u00e1sok k\u00f6zepette is. Ez a garancia kulcsfontoss\u00e1g\u00fa minden id\u0151skor\u00fa sz\u00e1m\u00e1ra, aki agg\u00f3dott a dr\u00e1gul\u00e1s \u00e9s az \u00e9letsz\u00ednvonal fenntart\u00e1sa miatt.<br \/>\nITT A NAGY BEJELENT\u00c9S:<\/h3>\n<h3><span style=\"color: #ff0000;\"><strong>A h\u00edr nem \u00e9rt v\u00e9get! Folytat\u00e1shoz haszn\u00e1ld a K\u00d6VETKEZ\u0150 OLDAL gombot!<\/strong><\/span><\/h3>\n<h3><strong><!--nextpage--><\/strong><\/h3>\n<h3>A sajt\u00f3t\u00e1j\u00e9koztat\u00f3n Orb\u00e1n arr\u00f3l besz\u00e9lt, hogy a kor\u00e1bbi korm\u00e1nyok idej\u00e9n sokszor elvett\u00e9k a pluszjuttat\u00e1sokat, de a jelenlegi kabinet vissza\u00e1ll\u00edtotta a 13. havi nyugd\u00edjat, \u00e9s most tov\u00e1bb mennek: bevezetik a 14. havi nyugd\u00edjat is. A bejelent\u00e9s szerint 2026 janu\u00e1rj\u00e1t\u00f3l indul a fokozatos kifizet\u00e9s, amely azt jelenti, hogy a nyugd\u00edjasok nem csak az egyszeri juttat\u00e1st kapj\u00e1k meg, hanem hossz\u00fa t\u00e1v\u00fa pluszt is az \u00e9ves j\u00f6vedelm\u00fckh\u00f6z.<br \/>\nOrb\u00e1n eml\u00e9keztetett arra is, hogy 15 \u00e9ve k\u00f6t\u00f6ttek egy meg\u00e1llapod\u00e1st a nyugd\u00edjasokkal, amelynek l\u00e9nyege pont az, hogy a nyugd\u00edjak ne vesz\u00edtsenek re\u00e1l\u00e9rt\u00e9k\u00fckb\u0151l \u2013 ezt a korm\u00e1ny az\u00f3ta is tartja \u00e9s er\u0151s\u00edti.<br \/>\nERRE SZ\u00c1M\u00cdTHATNAK A NYUGD\u00cdJASOK:<\/h3>\n<h3><span style=\"color: #ff0000;\"><strong>A h\u00edr nem \u00e9rt v\u00e9get! Folytat\u00e1shoz haszn\u00e1ld a K\u00d6VETKEZ\u0150 OLDAL gombot!<\/strong><\/span><\/h3>\n<h3><strong><!--nextpage--><\/strong><\/h3>\n<h3>A minisztereln\u00f6k nem csak technikai r\u00e9szleteket sorolt, hanem politikai \u00e9s mor\u00e1lis \u00fczenetet is k\u00fcld\u00f6tt: szerinte a nyugd\u00edjasok nem csup\u00e1n sz\u00e1mok a k\u00f6lts\u00e9gvet\u00e9sben, hanem a t\u00e1rsadalom \u00e9rt\u00e9kes tagjai, akik megbecs\u00fcl\u00e9st \u00e9rdemelnek. Orb\u00e1n kijelentette, hogy meg\u00e1llapodtak a nyugd\u00edjas szervezetekkel, \u00e9s k\u00f6z\u00f6sen v\u00e1llalt\u00e1k, hogy a tov\u00e1bbi juttat\u00e1sok er\u0151s\u00edtik a biztons\u00e1g\u00e9rzetet \u00e9s az \u00e9letmin\u0151s\u00e9get. Ez az \u00fczenet nem csup\u00e1n gazdas\u00e1gi, hanem szimbolikus jelent\u0151s\u00e9ggel is b\u00edr \u2013 azt sugallva, hogy a korm\u00e1ny a legkiszolg\u00e1ltatottabb koroszt\u00e1lyt tartja szem el\u0151tt m\u00e9g nemzetk\u00f6zi sz\u00ednt\u00e9ren is.<\/h3>\n<p>VIA T\u00e9nyek<\/p>\n","protected":false},"excerpt":{"rendered":"<p>Orb\u00e1n Viktor nemzetk\u00f6zi sajt\u00f3t\u00e1j\u00e9koztat\u00f3j\u00e1n hat\u00e1rozottan \u00e9s egy\u00e9rtelm\u0171en \u00fczent a magyar nyugd\u00edjasoknak: nem engedi, hogy a gazdas\u00e1gi neh\u00e9zs\u00e9gek elvegy\u00e9k a nyugd\u00edjak \u00e9rt\u00e9k\u00e9t. A minisztereln\u00f6k hangs\u00falyozta, hogy a korm\u00e1ny elk\u00f6telezett a nyugd\u00edjak v\u00e1s\u00e1rl\u00f3erej\u00e9nek meg\u0151rz\u00e9se&#8230;<\/p>\n","protected":false},"author":1,"featured_media":9315,"comment_status":"open","ping_status":"open","sticky":false,"template":"","format":"standard","meta":{"footnotes":""},"categories":[2],"tags":[],"class_list":["post-9314","post","type-post","status-publish","format-standard","has-post-thumbnail","hentry","category-altalanos"],"aioseo_notices":[],"_links":{"self":[{"href":"https:\/\/online-filmkatarzis.com\/kucko\/wp-json\/wp\/v2\/posts\/9314","targetHints":{"allow":["GET"]}}],"collection":[{"href":"https:\/\/online-filmkatarzis.com\/kucko\/wp-json\/wp\/v2\/posts"}],"about":[{"href":"https:\/\/online-filmkatarzis.com\/kucko\/wp-json\/wp\/v2\/types\/post"}],"author":[{"embeddable":true,"href":"https:\/\/online-filmkatarzis.com\/kucko\/wp-json\/wp\/v2\/users\/1"}],"replies":[{"embeddable":true,"href":"https:\/\/online-filmkatarzis.com\/kucko\/wp-json\/wp\/v2\/comments?post=9314"}],"version-history":[{"count":2,"href":"https:\/\/online-filmkatarzis.com\/kucko\/wp-json\/wp\/v2\/posts\/9314\/revisions"}],"predecessor-version":[{"id":9325,"href":"https:\/\/online-filmkatarzis.com\/kucko\/wp-json\/wp\/v2\/posts\/9314\/revisions\/9325"}],"wp:featuredmedia":[{"embeddable":true,"href":"https:\/\/online-filmkatarzis.com\/kucko\/wp-json\/wp\/v2\/media\/9315"}],"wp:attachment":[{"href":"https:\/\/online-filmkatarzis.com\/kucko\/wp-json\/wp\/v2\/media?parent=9314"}],"wp:term":[{"taxonomy":"category","embeddable":true,"href":"https:\/\/online-filmkatarzis.com\/kucko\/wp-json\/wp\/v2\/categories?post=9314"},{"taxonomy":"post_tag","embeddable":true,"href":"https:\/\/online-filmkatarzis.com\/kucko\/wp-json\/wp\/v2\/tags?post=9314"}],"curies":[{"name":"wp","href":"https:\/\/api.w.org\/{rel}","templated":true}]}}