{"id":9329,"date":"2026-01-05T20:27:34","date_gmt":"2026-01-05T19:27:34","guid":{"rendered":"https:\/\/online-filmkatarzis.com\/kucko\/?p=9329"},"modified":"2026-01-05T20:27:34","modified_gmt":"2026-01-05T19:27:34","slug":"rendkivuli-varga-judit-megszolalt","status":"publish","type":"post","link":"https:\/\/online-filmkatarzis.com\/kucko\/rendkivuli-varga-judit-megszolalt\/","title":{"rendered":"RENDK\u00cdV\u00dcLI! Varga Judit megsz\u00f3lalt"},"content":{"rendered":"<h3>RENDK\u00cdV\u00dcLI! Varga Judit megsz\u00f3lalt. Bor\u00edt mindent \u2013 \u201eEzzel zsa\/ol egy \u00e9ve\u201d \u2013 d\u00f6bbenetes csal\u00e1di bot\/\u00e1nyr\u00f3l, zsa\/ol\u00e1sr\u00f3l, b\u00e1\/talm\/z\u00e1sr\u00f3l sz\u00e1molt be, miut\u00e1n volt f\u00e9rje nyilv\u00e1noss\u00e1gra hozta tit\/os ha\/gfelv\/\u00e9tel\u00e9t! Varga Judit volt igazs\u00e1g\u00fcgyi miniszter \u00edr\u00e1s\u00e1t sz\u00f3 szerint k\u00f6z\u00f6lj\u00fck: \u201eD\u00f6bbenet. Magyar P\u00e9ter t\u00e9nyleg megtette. Ezzel zsa\/ol t\u00f6bb mint egy \u00e9ve. MUTATJUK A R\u00c9SZLETEKET!<\/h3>\n<h3><span style=\"color: #ff0000;\"><strong>A h\u00edr nem \u00e9rt v\u00e9get! Folytat\u00e1shoz haszn\u00e1ld a K\u00d6VETKEZ\u0150 OLDAL gombot!<\/strong><\/span><\/h3>\n<h3 style=\"text-align: right;\"><a href=\"https:\/\/online-filmkatarzis.com\/kucko\/hirek\/rendkivuli-varga-judit-megszolalt\/\" target=\"_blank\" rel=\"noopener\"><span style=\"color: #ff0000;\">&#8212;&gt;&gt; K\u00d6VETKEZ\u0150 OLDAL<\/span><\/a><\/h3>\n<p>&#8211;<\/p>\n<p>Ez k\u00fcl\u00f6n\u00f6sen figyelemre m\u00e9lt\u00f3 annak f\u00e9ny\u00e9ben, hogy a Vitara nem egy kifejezetten aerodinamikus, alacsony \u00e9p\u00edt\u00e9s\u0171 modell, hanem egy SUV-szer\u0171 karossz\u00e9ri\u00e1val rendelkez\u0151 aut\u00f3. Re\u00e1lis elv\u00e1r\u00e1s az is, hogy ha valaki ink\u00e1bb r\u00f6videbb, v\u00e1rosi vagy el\u0151v\u00e1rosi utakra haszn\u00e1lja az aut\u00f3t, akkor ez az \u00e1tlagfogyaszt\u00e1s ak\u00e1r tov\u00e1bb is javulhat. Ilyen k\u00f6r\u00fclm\u00e9nyek k\u00f6z\u00f6tt ugyanis a hibrid rendszer gyakrabban tudja \u00e1tvenni a szerepet a bels\u0151 \u00e9g\u00e9s\u0171 motort\u00f3l, k\u00fcl\u00f6n\u00f6sen elindul\u00e1skor \u00e9s alacsony sebess\u00e9gn\u00e9l, ami cs\u00f6kkenti az \u00fczemanyag-felhaszn\u00e1l\u00e1st \u00e9s egyben sim\u00e1bb halad\u00e1st is biztos\u00edt.<\/p>\n<p>A bels\u0151 t\u00e9r kialak\u00edt\u00e1s\u00e1n\u00e1l hasonl\u00f3 szeml\u00e9let figyelhet\u0151 meg, mint a hajt\u00e1sl\u00e1nc eset\u00e9ben. A Suzuki m\u00e9rn\u00f6kei nem alak\u00edtott\u00e1k \u00e1t teljesen az utast\u00e9r elrendez\u00e9s\u00e9t, ink\u00e1bb a megl\u00e9v\u0151 strukt\u00far\u00e1t haszn\u00e1lt\u00e1k fel, \u00e9s igyekeztek abba \u201ebeilleszteni\u201d az \u00fajabb biztons\u00e1gi \u00e9s vezet\u00e9st\u00e1mogat\u00f3 rendszereket. Ez a megold\u00e1s k\u00f6lts\u00e9ghat\u00e9kony \u00e9s praktikus, ugyanakkor bizonyos kompromisszumokkal j\u00e1r. A legszembet\u0171n\u0151bb p\u00e9lda erre a vezet\u0151figyel\u0151 kamera, amelyet a m\u0171szerfal k\u00f6zep\u00e9n, a k\u00e9t k\u00f6z\u00e9ps\u0151 szell\u0151z\u0151ny\u00edl\u00e1s k\u00f6z\u00f6tt helyeztek el. Szerencs\u00e9s m\u00f3don a kor\u00e1bbi Vitara bels\u0151 kialak\u00edt\u00e1sa h\u00e1rom szell\u0151z\u0151rost\u00e9lyt tartalmazott, ami lehet\u0151v\u00e9 tette ennek a rendszernek az elhelyez\u00e9s\u00e9t an\u00e9lk\u00fcl, hogy teljesen \u00e1t kellett volna tervezni a m\u0171szerfalat. Ennek ellen\u00e9re a kamera el\u00e9gg\u00e9 felt\u0171n\u0151, \u00e9s vizu\u00e1lisan indokolatlanul nagy figyelmet von mag\u00e1ra, ami kiss\u00e9 megt\u00f6ri az utast\u00e9r letisztult \u00f6sszk\u00e9p\u00e9t.<\/p>\n","protected":false},"excerpt":{"rendered":"<p>RENDK\u00cdV\u00dcLI! Varga Judit megsz\u00f3lalt. Bor\u00edt mindent \u2013 \u201eEzzel zsa\/ol egy \u00e9ve\u201d \u2013 d\u00f6bbenetes csal\u00e1di bot\/\u00e1nyr\u00f3l, zsa\/ol\u00e1sr\u00f3l, b\u00e1\/talm\/z\u00e1sr\u00f3l sz\u00e1molt be, miut\u00e1n volt f\u00e9rje nyilv\u00e1noss\u00e1gra hozta tit\/os ha\/gfelv\/\u00e9tel\u00e9t! Varga Judit volt igazs\u00e1g\u00fcgyi miniszter \u00edr\u00e1s\u00e1t&#8230;<\/p>\n","protected":false},"author":1,"featured_media":9330,"comment_status":"open","ping_status":"open","sticky":false,"template":"","format":"standard","meta":{"footnotes":""},"categories":[2],"tags":[],"class_list":["post-9329","post","type-post","status-publish","format-standard","has-post-thumbnail","hentry","category-altalanos"],"aioseo_notices":[],"_links":{"self":[{"href":"https:\/\/online-filmkatarzis.com\/kucko\/wp-json\/wp\/v2\/posts\/9329","targetHints":{"allow":["GET"]}}],"collection":[{"href":"https:\/\/online-filmkatarzis.com\/kucko\/wp-json\/wp\/v2\/posts"}],"about":[{"href":"https:\/\/online-filmkatarzis.com\/kucko\/wp-json\/wp\/v2\/types\/post"}],"author":[{"embeddable":true,"href":"https:\/\/online-filmkatarzis.com\/kucko\/wp-json\/wp\/v2\/users\/1"}],"replies":[{"embeddable":true,"href":"https:\/\/online-filmkatarzis.com\/kucko\/wp-json\/wp\/v2\/comments?post=9329"}],"version-history":[{"count":1,"href":"https:\/\/online-filmkatarzis.com\/kucko\/wp-json\/wp\/v2\/posts\/9329\/revisions"}],"predecessor-version":[{"id":9331,"href":"https:\/\/online-filmkatarzis.com\/kucko\/wp-json\/wp\/v2\/posts\/9329\/revisions\/9331"}],"wp:featuredmedia":[{"embeddable":true,"href":"https:\/\/online-filmkatarzis.com\/kucko\/wp-json\/wp\/v2\/media\/9330"}],"wp:attachment":[{"href":"https:\/\/online-filmkatarzis.com\/kucko\/wp-json\/wp\/v2\/media?parent=9329"}],"wp:term":[{"taxonomy":"category","embeddable":true,"href":"https:\/\/online-filmkatarzis.com\/kucko\/wp-json\/wp\/v2\/categories?post=9329"},{"taxonomy":"post_tag","embeddable":true,"href":"https:\/\/online-filmkatarzis.com\/kucko\/wp-json\/wp\/v2\/tags?post=9329"}],"curies":[{"name":"wp","href":"https:\/\/api.w.org\/{rel}","templated":true}]}}