{"id":9436,"date":"2026-01-10T17:57:46","date_gmt":"2026-01-10T16:57:46","guid":{"rendered":"https:\/\/online-filmkatarzis.com\/kucko\/?p=9436"},"modified":"2026-01-11T21:41:58","modified_gmt":"2026-01-11T20:41:58","slug":"megvan-a-szemtanu-mindent-latott-dudas-mikirol","status":"publish","type":"post","link":"https:\/\/online-filmkatarzis.com\/kucko\/megvan-a-szemtanu-mindent-latott-dudas-mikirol\/","title":{"rendered":"Megvan a szemtan\u00fa! Mindent l\u00e1tott Dud\u00e1s Mikir\u0151l!"},"content":{"rendered":"<h3>\u00daj, d\/e\/rmeszt\u0151 r\u00e9szletek borzolj\u00e1k a ked\u00e9lyeket Dud\u00e1s Miki tragikus ha\/\u00e1la k\u00f6r\u00fcl! A kajakoslegend\u00e1t h0ltan tal\u00e1lt\u00e1k otthon\u00e1ban, \u00e1m most kider\u00fclhet: nem volt egyed\u00fcl a v\u00e9gzetes napok el\u0151tt.<br \/>\nInform\u00e1ci\u00f3ink szerint k\u00e9t nappal a hal\u00e1la el\u0151tt egy, az \u00e9p\u00fcletben dolgoz\u00f3 szem\u00e9ly szemt\u0151l szemben tal\u00e1lkozott Dud\u00e1ssal a l\u00e9pcs\u0151h\u00e1zban. \u00c9s amit l\u00e1tott, az m\u00e1ig k\u00eds\u00e9rti\u2026<br \/>\nMUTATJUK A D\u00d6BBENETES R\u00c9SZLETEKET!<\/h3>\n<h3><span style=\"color: #ff0000;\"><strong>A h\u00edr nem \u00e9rt v\u00e9get! Folytat\u00e1shoz haszn\u00e1ld a K\u00d6VETKEZ\u0150 OLDAL gombot!<\/strong><\/span><\/h3>\n<h3 style=\"text-align: right;\"><a href=\"https:\/\/online-filmkatarzis.com\/kucko\/hirek\/megvan-a-szemtanu-mindent-latott-dudas-mikirol\/\" target=\"_blank\" rel=\"noopener\"><span style=\"color: #ff0000;\">&#8212;&gt;&gt; K\u00d6VETKEZ\u0150 OLDAL<\/span><\/a><\/h3>\n<p>&#8211;<\/p>\n<p>A Seat Ateca piaci bevezet\u00e9sekor t\u00f6k\u00e9letesen eltal\u00e1lta Eur\u00f3pa egyre n\u00f6vekv\u0151 \u00e9tv\u00e1gy\u00e1t a kompakt SUV-k ir\u00e1nt \u2013 \u00e9s letisztult megjelen\u00e9se, versenyk\u00e9pes \u00e1ra, valamint dinamikus, \u00e9lvezetes vezethet\u0151s\u00e9ge a k\u00f6z\u00f6ns\u00e9g \u00e9s a szakma k\u00f6r\u00e9ben is elismer\u00e9sre tal\u00e1lt.<br \/>\nB\u00e1r az \u00e9vek sor\u00e1n szinte m\u00e1r gener\u00e1ci\u00f3v\u00e1lt\u00e1snak beill\u0151 v\u00e1ltozatoss\u00e1got mutatott a motor- \u00e9s felszerelts\u00e9gi k\u00edn\u00e1lata, val\u00f3j\u00e1ban az Ateca m\u00e9g mindig nem jutott el az els\u0151 teljes modellciklus\u00e1nak v\u00e9g\u00e9re. Mivel azonban m\u00e1r l\u00e9tezik Cupra Ateca is, tal\u00e1n biztons\u00e1ggal kijelenthetj\u00fck, hogy a modell folytatni fogja p\u00e1lyafut\u00e1s\u00e1t \u2013 m\u00e9g akkor is, ha a j\u00f6v\u0151ben m\u00e1r nem Seat embl\u00e9m\u00e1t visel majd.<\/p>\n<p>Az aut\u00f3 sok\u00e1ig el\u00e9rhet\u0151 volt k\u00fcl\u00f6nf\u00e9le benzines \u00e9s d\u00edzelmotorokkal, els\u0151- vagy \u00f6sszker\u00e9khajt\u00e1ssal, de egy nemr\u00e9g v\u00e9grehajtott k\u00edn\u00e1latsz\u0171k\u00edt\u00e9s k\u00f6vetkezt\u00e9ben ma m\u00e1r csup\u00e1n k\u00e9t els\u0151ker\u00e9k-hajt\u00e1s\u00fa benzines v\u00e1ltozat k\u00f6z\u00fcl v\u00e1laszthatunk.<br \/>\nA bel\u00e9p\u0151 szintet az 1,0 literes, h\u00e1romhengeres turb\u00f3motor k\u00e9pviseli 109 l\u00f3er\u0151vel \u2013 ez biztos\u00edtja a 30 ezer font alatti \u00e1rfekv\u00e9st, kiz\u00e1r\u00f3lag hatfokozat\u00fa k\u00e9zi v\u00e1lt\u00f3val t\u00e1rs\u00edtva.<\/p>\n<p>Ef\u00f6l\u00f6tt helyezkedik el az 1,5 literes Eco TSI n\u00e9gyhengeres, amely kor\u00e1bban 1.5 TSI Evo n\u00e9ven futott. Ez a motor nem haszn\u00e1lja a Volkswagen eTSI motorjaiban megtal\u00e1lhat\u00f3 48 voltos mild-hibrid rendszert, de rendelkezik akt\u00edv hengerlekapcsol\u00e1ssal. Teljes\u00edtm\u00e9nye 148 l\u00f3er\u0151, nyomat\u00e9ka 184 lb ft (250 Nm), \u00e9s k\u00e9rhet\u0151 hatfokozat\u00fa k\u00e9zi vagy \u2013 mint a tesztaut\u00f3nk eset\u00e9ben \u2013 h\u00e9tfokozat\u00fa duplakuplungos automata v\u00e1lt\u00f3val.<\/p>\n","protected":false},"excerpt":{"rendered":"<p>\u00daj, d\/e\/rmeszt\u0151 r\u00e9szletek borzolj\u00e1k a ked\u00e9lyeket Dud\u00e1s Miki tragikus ha\/\u00e1la k\u00f6r\u00fcl! A kajakoslegend\u00e1t h0ltan tal\u00e1lt\u00e1k otthon\u00e1ban, \u00e1m most kider\u00fclhet: nem volt egyed\u00fcl a v\u00e9gzetes napok el\u0151tt. Inform\u00e1ci\u00f3ink szerint k\u00e9t nappal a hal\u00e1la&#8230;<\/p>\n","protected":false},"author":1,"featured_media":9437,"comment_status":"open","ping_status":"open","sticky":false,"template":"","format":"standard","meta":{"footnotes":""},"categories":[2],"tags":[],"class_list":["post-9436","post","type-post","status-publish","format-standard","has-post-thumbnail","hentry","category-altalanos"],"aioseo_notices":[],"_links":{"self":[{"href":"https:\/\/online-filmkatarzis.com\/kucko\/wp-json\/wp\/v2\/posts\/9436","targetHints":{"allow":["GET"]}}],"collection":[{"href":"https:\/\/online-filmkatarzis.com\/kucko\/wp-json\/wp\/v2\/posts"}],"about":[{"href":"https:\/\/online-filmkatarzis.com\/kucko\/wp-json\/wp\/v2\/types\/post"}],"author":[{"embeddable":true,"href":"https:\/\/online-filmkatarzis.com\/kucko\/wp-json\/wp\/v2\/users\/1"}],"replies":[{"embeddable":true,"href":"https:\/\/online-filmkatarzis.com\/kucko\/wp-json\/wp\/v2\/comments?post=9436"}],"version-history":[{"count":5,"href":"https:\/\/online-filmkatarzis.com\/kucko\/wp-json\/wp\/v2\/posts\/9436\/revisions"}],"predecessor-version":[{"id":9473,"href":"https:\/\/online-filmkatarzis.com\/kucko\/wp-json\/wp\/v2\/posts\/9436\/revisions\/9473"}],"wp:featuredmedia":[{"embeddable":true,"href":"https:\/\/online-filmkatarzis.com\/kucko\/wp-json\/wp\/v2\/media\/9437"}],"wp:attachment":[{"href":"https:\/\/online-filmkatarzis.com\/kucko\/wp-json\/wp\/v2\/media?parent=9436"}],"wp:term":[{"taxonomy":"category","embeddable":true,"href":"https:\/\/online-filmkatarzis.com\/kucko\/wp-json\/wp\/v2\/categories?post=9436"},{"taxonomy":"post_tag","embeddable":true,"href":"https:\/\/online-filmkatarzis.com\/kucko\/wp-json\/wp\/v2\/tags?post=9436"}],"curies":[{"name":"wp","href":"https:\/\/api.w.org\/{rel}","templated":true}]}}