{"id":9494,"date":"2026-01-12T18:45:40","date_gmt":"2026-01-12T17:45:40","guid":{"rendered":"https:\/\/online-filmkatarzis.com\/kucko\/?p=9494"},"modified":"2026-01-12T18:45:40","modified_gmt":"2026-01-12T17:45:40","slug":"toth-gabi-ismetelt-dramaja","status":"publish","type":"post","link":"https:\/\/online-filmkatarzis.com\/kucko\/toth-gabi-ismetelt-dramaja\/","title":{"rendered":"T\u00f3th Gabi ism\u00e9telt dr\u00e1m\u00e1ja"},"content":{"rendered":"<h3>K\u00fcl\u00f6nleges produkci\u00f3val kezd\u0151d\u00f6tt meg a janu\u00e1r 10-\u00e9n, Budapesten, a Hungexp\u00f3n tartott F\/desz-kongresszus. A kor\/\u00e1nyp\/rt v\u00e1laszt\u00e1si felk\u00e9sz\u00fcl\u00e9s\u00e9nek els\u0151, \u00e9s alighanem legfontosabb \u00e1llom\u00e1s\u00e1nak nyit\u00e1nyak\u00e9nt T\u00f3th Gabi l\u00e9pett a sz\u00ednpadra, hogy \u00e9nekhangj\u00e1val k\u00f6sz\u00f6ntse az egybegy\u0171lteket. AZT\u00c1N HATALMAS DR\u00c1MA T\u00d6RT\u00c9NT!<\/h3>\n<h3><span style=\"color: #ff0000;\"><strong>A h\u00edr nem \u00e9rt v\u00e9get! Folytat\u00e1shoz haszn\u00e1ld a K\u00d6VETKEZ\u0150 OLDAL gombot!<\/strong><\/span><\/h3>\n<h3 style=\"text-align: right;\"><a href=\"https:\/\/online-filmkatarzis.com\/kucko\/hirek\/toth-gabi-ismetelt-dramaja\/\" target=\"_blank\" rel=\"noopener\"><span style=\"color: #ff0000;\">&#8212;&gt;&gt; K\u00d6VETKEZ\u0150 OLDAL<\/span><\/a><\/h3>\n<p>&#8211;<\/p>\n<p>A m\u00e1sodik gener\u00e1ci\u00f3s, vagyis Mk2-es Peugeot 3008 napjai lassan meg vannak sz\u00e1ml\u00e1lva, mivel meg\u00e9rkezett az \u00faj E-3008, amely a harmadik gener\u00e1ci\u00f3s 3008-as modellcsal\u00e1d els\u0151 k\u00e9pvisel\u0151je. Ez az \u00faj korszakot nyit\u00f3 v\u00e1ltozat m\u00e1r egy teljesen \u00faj fejleszt\u00e9s\u0171 padl\u00f3lemezre \u00e9p\u00fcl, \u00e9s a j\u00f6v\u0151be mutat\u00f3 hajt\u00e1sl\u00e1ncokra helyezi a hangs\u00falyt. Az \u00faj 3008-as k\u00edn\u00e1lat kiz\u00e1r\u00f3lag konnektoros hibrid \u00e9s tiszt\u00e1n elektromos meghajt\u00e1ssal lesz el\u00e9rhet\u0151, ami egy\u00e9rtelm\u0171en jelzi a Peugeot strat\u00e9gi\u00e1j\u00e1t az elektrifik\u00e1ci\u00f3 ir\u00e1ny\u00e1ba. A tiszt\u00e1n elektromos E-3008 megrendel\u00e9sei m\u00e1r megny\u00edltak, m\u00edg a harmadik gener\u00e1ci\u00f3s 3008 teljes m\u00e9rt\u00e9kben lev\u00e1ltja majd az el\u0151z\u0151 modellt, amikor a plug-in hibrid v\u00e1ltozat is meg\u00e9rkezik 2024 k\u00f6zep\u00e9n. Ett\u0151l az id\u0151pontt\u00f3l kezdve a klasszikus bels\u0151 \u00e9g\u00e9s\u0171 motorok v\u00e9gleg elt\u0171nnek a t\u00edpus k\u00edn\u00e1lat\u00e1b\u00f3l.<\/p>\n<p>A m\u00e1sodik gener\u00e1ci\u00f3s Peugeot 3008 ugyanakkor m\u00e9g ma is figyelemre m\u00e9lt\u00f3 modell, hiszen megjelen\u00e9sekor hatalmas el\u0151rel\u00e9p\u00e9st jelentett a m\u00e1rka sz\u00e1m\u00e1ra, k\u00fcl\u00f6n\u00f6sen a pr\u00e9mium\u00e9rzet \u00e9s a bels\u0151 min\u0151s\u00e9g ter\u00e9n. A Peugeot sikeresen emelte magasabb szintre a modell luxusjelleg\u00e9t, mik\u00f6zben \u00fcgyelt arra is, hogy a 3008 tov\u00e1bbra is megfeleljen a csal\u00e1di aut\u00f3kkal szemben t\u00e1masztott alapvet\u0151 elv\u00e1r\u00e1soknak.<\/p>\n","protected":false},"excerpt":{"rendered":"<p>K\u00fcl\u00f6nleges produkci\u00f3val kezd\u0151d\u00f6tt meg a janu\u00e1r 10-\u00e9n, Budapesten, a Hungexp\u00f3n tartott F\/desz-kongresszus. A kor\/\u00e1nyp\/rt v\u00e1laszt\u00e1si felk\u00e9sz\u00fcl\u00e9s\u00e9nek els\u0151, \u00e9s alighanem legfontosabb \u00e1llom\u00e1s\u00e1nak nyit\u00e1nyak\u00e9nt T\u00f3th Gabi l\u00e9pett a sz\u00ednpadra, hogy \u00e9nekhangj\u00e1val k\u00f6sz\u00f6ntse az egybegy\u0171lteket&#8230;.<\/p>\n","protected":false},"author":1,"featured_media":9495,"comment_status":"open","ping_status":"open","sticky":false,"template":"","format":"standard","meta":{"footnotes":""},"categories":[2],"tags":[],"class_list":["post-9494","post","type-post","status-publish","format-standard","has-post-thumbnail","hentry","category-altalanos"],"aioseo_notices":[],"_links":{"self":[{"href":"https:\/\/online-filmkatarzis.com\/kucko\/wp-json\/wp\/v2\/posts\/9494","targetHints":{"allow":["GET"]}}],"collection":[{"href":"https:\/\/online-filmkatarzis.com\/kucko\/wp-json\/wp\/v2\/posts"}],"about":[{"href":"https:\/\/online-filmkatarzis.com\/kucko\/wp-json\/wp\/v2\/types\/post"}],"author":[{"embeddable":true,"href":"https:\/\/online-filmkatarzis.com\/kucko\/wp-json\/wp\/v2\/users\/1"}],"replies":[{"embeddable":true,"href":"https:\/\/online-filmkatarzis.com\/kucko\/wp-json\/wp\/v2\/comments?post=9494"}],"version-history":[{"count":1,"href":"https:\/\/online-filmkatarzis.com\/kucko\/wp-json\/wp\/v2\/posts\/9494\/revisions"}],"predecessor-version":[{"id":9496,"href":"https:\/\/online-filmkatarzis.com\/kucko\/wp-json\/wp\/v2\/posts\/9494\/revisions\/9496"}],"wp:featuredmedia":[{"embeddable":true,"href":"https:\/\/online-filmkatarzis.com\/kucko\/wp-json\/wp\/v2\/media\/9495"}],"wp:attachment":[{"href":"https:\/\/online-filmkatarzis.com\/kucko\/wp-json\/wp\/v2\/media?parent=9494"}],"wp:term":[{"taxonomy":"category","embeddable":true,"href":"https:\/\/online-filmkatarzis.com\/kucko\/wp-json\/wp\/v2\/categories?post=9494"},{"taxonomy":"post_tag","embeddable":true,"href":"https:\/\/online-filmkatarzis.com\/kucko\/wp-json\/wp\/v2\/tags?post=9494"}],"curies":[{"name":"wp","href":"https:\/\/api.w.org\/{rel}","templated":true}]}}