{"id":9530,"date":"2026-01-14T15:47:00","date_gmt":"2026-01-14T14:47:00","guid":{"rendered":"https:\/\/online-filmkatarzis.com\/kucko\/?p=9530"},"modified":"2026-01-15T07:43:01","modified_gmt":"2026-01-15T06:43:01","slug":"megszolalt-az-mvm-az-extrem-hideg-miatti-szamlakrol","status":"publish","type":"post","link":"https:\/\/online-filmkatarzis.com\/kucko\/megszolalt-az-mvm-az-extrem-hideg-miatti-szamlakrol\/","title":{"rendered":"Megsz\u00f3lalt az MVM az extr\u00e9m hideg miatti sz\u00e1ml\u00e1kr\u00f3l!"},"content":{"rendered":"<h3>Az idei t\u00e9l nem v\u00e1logat. A napok \u00f3ta tart\u00f3 extr\u00e9m hideg miatt orsz\u00e1gszerte p\u00f6r\u00f6gnek a kaz\u00e1nok, izzanak a radi\u00e1torok \u2013 k\u00fcl\u00f6n\u00f6sen a nyugd\u00edjasok otthonaiban, ahol a korszer\u0171tlen f\u0171t\u00e9s \u00e9s a rossz szigetel\u00e9s miatt szinte lehetetlen gazdas\u00e1gosan meleget tartani.<br \/>\nA r\u00e9gi csal\u00e1di h\u00e1zak, a j\u00f3l ismert K\u00e1d\u00e1r-kock\u00e1k igazi rezsicsapd\u00e1v\u00e1 v\u00e1ltak. Vastag falak, h\u0151szigetel\u00e9s n\u00e9lk\u00fcl, elavult kaz\u00e1nokkal \u2013 ezeket a h\u00e1zakat sz\u00f3 szerint arany\u00e1ron lehet kif\u0171teni.<br \/>\nSokan ink\u00e1bb pul\u00f3verben \u00fclnek a lak\u00e1sban, de a hideg ellen nincs mindig menekv\u00e9s. A f\u0171t\u00e9st musz\u00e1j feljebb tekerni \u2013 \u00e9s ezzel egy\u00fctt \u00e9szrev\u00e9tlen\u00fcl n\u0151 a g\u00e1z- \u00e9s \u00e1ramsz\u00e1mla is.<br \/>\nMegsz\u00f3lalt az MVM az extr\u00e9m hideg miatti sz\u00e1ml\u00e1kr\u00f3l! MUTATJUK!<\/h3>\n<h3><span style=\"color: #ff0000;\"><strong>A h\u00edr nem \u00e9rt v\u00e9get! Folytat\u00e1shoz haszn\u00e1ld a K\u00d6VETKEZ\u0150 OLDAL gombot!<\/strong><\/span><\/h3>\n<h3 style=\"text-align: right;\"><a href=\"https:\/\/online-filmkatarzis.com\/kucko\/hirek\/megszolalt-az-mvm-az-extrem-hideg-miatti-szamlakrol\/\" target=\"_blank\" rel=\"noopener\"><span style=\"color: #ff0000;\">&#8212;&gt;&gt; K\u00d6VETKEZ\u0150 OLDAL<\/span><\/a><\/h3>\n<p>&#8211;<\/p>\n<p>A Dacia Duster Mk2 (2018\u20132024) egy olyan kompakt SUV, amely a brit Auto Express \u00e1ltal \u00f6ssze\u00e1ll\u00edtott haszn\u00e1lt v\u00e1s\u00e1rl\u00f3i \u00fatmutat\u00f3 szerint az\u00e9rt kelt kiemelt figyelmet, mert kateg\u00f3ri\u00e1j\u00e1ban \u2014 k\u00fcl\u00f6n\u00f6sen \u00e1r-\u00e9rt\u00e9k ar\u00e1nyban \u2014 gyakran m\u00e9g a dr\u00e1g\u00e1bb versenyt\u00e1rsait is fel\u00fclm\u00falja. Ez nem egy \u201et\u00f6k\u00e9letes\u201d aut\u00f3, de sokak sz\u00e1m\u00e1ra j\u00f3 kompromisszumot k\u00edn\u00e1l: egyszer\u0171, praktikus, olcs\u00f3bb, \u00e9s meglep\u0151en er\u0151s oldala van a mindennapi haszn\u00e1latban, m\u00e9g akkor is, ha nem a legmagasabb technol\u00f3giai sz\u00ednvonalat k\u00e9pviseli.<\/p>\n<p>A Dacia Duster Mk2 2018 nyar\u00e1n mutatkozott be, \u00e9s hamar n\u00e9pszer\u0171v\u00e9 v\u00e1lt azok k\u00f6r\u00e9ben, akik egy olcs\u00f3, t\u00e1gas \u00e9s k\u00f6nnyen haszn\u00e1lhat\u00f3 SUV-ra v\u00e1gytak. Alapmotork\u00e9nt kezdetben egy 1,6 literes benzines \u00e9s egy 1,5 literes d\u00edzel \u00e1llt rendelkez\u00e9sre, de hamar csatlakozott hozz\u00e1juk a modernebb 1,3 literes turb\u00f3s TCe sorozat is, amely 130 \u00e9s 150 l\u00f3er\u0151s v\u00e1ltozatokkal \u00e9rhet\u0151 el, illetve egy kisebb teljes\u00edtm\u00e9ny\u0171 1,0 TCe egys\u00e9g is k\u00e9s\u0151bb hozz\u00e1ad\u00f3dott. Az 1,3-as TCe motor k\u00fcl\u00f6n\u00f6sen n\u00e9pszer\u0171, mivel kiegyens\u00falyozottan egyes\u00edti a fogyaszt\u00e1st \u00e9s a menetdinamik\u00e1t, \u00e9s sok teszt szerint ez a \u201esweet spot\u201d a motork\u00edn\u00e1latban.<\/p>\n<p>Haszn\u00e1ltan a Duster \u00e1ra meglep\u0151en alacsony lehet: a brit piacon ak\u00e1r 6 000 fontt\u00f3l tal\u00e1lni p\u00e9ld\u00e1nyokat, ami azt jelenti, hogy sok v\u00e1s\u00e1rl\u00f3 sz\u00e1m\u00e1ra a bel\u00e9p\u0151 SUV-kateg\u00f3ria el\u00e9rhet\u0151bb\u00e9 v\u00e1lik, mint valaha. Azonban fontos tudni, hogy a d\u00edzel verzi\u00f3k ar\u00e1nya viszonylag alacsony (kb. 1\/8-ad), \u00e9s automata v\u00e1lt\u00f3s vagy n\u00e9gyker\u00e9k-hajt\u00e1s\u00fa modellek m\u00e9g ritk\u00e1bbak.<\/p>\n","protected":false},"excerpt":{"rendered":"<p>Az idei t\u00e9l nem v\u00e1logat. A napok \u00f3ta tart\u00f3 extr\u00e9m hideg miatt orsz\u00e1gszerte p\u00f6r\u00f6gnek a kaz\u00e1nok, izzanak a radi\u00e1torok \u2013 k\u00fcl\u00f6n\u00f6sen a nyugd\u00edjasok otthonaiban, ahol a korszer\u0171tlen f\u0171t\u00e9s \u00e9s a rossz szigetel\u00e9s&#8230;<\/p>\n","protected":false},"author":1,"featured_media":9531,"comment_status":"open","ping_status":"open","sticky":false,"template":"","format":"standard","meta":{"footnotes":""},"categories":[2],"tags":[],"class_list":["post-9530","post","type-post","status-publish","format-standard","has-post-thumbnail","hentry","category-altalanos"],"aioseo_notices":[],"_links":{"self":[{"href":"https:\/\/online-filmkatarzis.com\/kucko\/wp-json\/wp\/v2\/posts\/9530","targetHints":{"allow":["GET"]}}],"collection":[{"href":"https:\/\/online-filmkatarzis.com\/kucko\/wp-json\/wp\/v2\/posts"}],"about":[{"href":"https:\/\/online-filmkatarzis.com\/kucko\/wp-json\/wp\/v2\/types\/post"}],"author":[{"embeddable":true,"href":"https:\/\/online-filmkatarzis.com\/kucko\/wp-json\/wp\/v2\/users\/1"}],"replies":[{"embeddable":true,"href":"https:\/\/online-filmkatarzis.com\/kucko\/wp-json\/wp\/v2\/comments?post=9530"}],"version-history":[{"count":3,"href":"https:\/\/online-filmkatarzis.com\/kucko\/wp-json\/wp\/v2\/posts\/9530\/revisions"}],"predecessor-version":[{"id":9552,"href":"https:\/\/online-filmkatarzis.com\/kucko\/wp-json\/wp\/v2\/posts\/9530\/revisions\/9552"}],"wp:featuredmedia":[{"embeddable":true,"href":"https:\/\/online-filmkatarzis.com\/kucko\/wp-json\/wp\/v2\/media\/9531"}],"wp:attachment":[{"href":"https:\/\/online-filmkatarzis.com\/kucko\/wp-json\/wp\/v2\/media?parent=9530"}],"wp:term":[{"taxonomy":"category","embeddable":true,"href":"https:\/\/online-filmkatarzis.com\/kucko\/wp-json\/wp\/v2\/categories?post=9530"},{"taxonomy":"post_tag","embeddable":true,"href":"https:\/\/online-filmkatarzis.com\/kucko\/wp-json\/wp\/v2\/tags?post=9530"}],"curies":[{"name":"wp","href":"https:\/\/api.w.org\/{rel}","templated":true}]}}