{"id":9538,"date":"2026-01-14T17:04:50","date_gmt":"2026-01-14T16:04:50","guid":{"rendered":"https:\/\/online-filmkatarzis.com\/kucko\/?p=9538"},"modified":"2026-01-14T17:04:50","modified_gmt":"2026-01-14T16:04:50","slug":"kihallgatasra-viszik-magyar-petert","status":"publish","type":"post","link":"https:\/\/online-filmkatarzis.com\/kucko\/kihallgatasra-viszik-magyar-petert\/","title":{"rendered":"Kihallgat\u00e1sra viszik Magyar P\u00e9tert!"},"content":{"rendered":"<h3>Z\u0171rzavar \u00e9s izgalom a politikai sz\u00ednt\u00e9ren: Budai Gyula kezdem\u00e9nyezte, hogy Magyar P\u00e9tert tan\u00fak\u00e9nt hallgass\u00e1k ki a Ruszin-Szendi Romulusz k\u00f6r\u00fcl kialakult \u00fcgy miatt. Az elj\u00e1r\u00e1s k\u00f6z\u00e9ppontj\u00e1ban vide\u00f3k, fot\u00f3k \u00e9s lefoglalt f\/e\/gyv\/rek \u00e1llnak, amelyek l\u00e1tt\u00e1n sokan felvont\u00e1k a szem\u00f6ld\u00f6k\u00fcket. A hat\u00f3s\u00e1gok d\u00f6nt\u00e9se most mindenki sz\u00e1m\u00e1ra kulcsfontoss\u00e1g\u00fa, hiszen eld\u0151lhet, milyen k\u00f6vetkezm\u00e9nyekkel j\u00e1rnak az elm\u00falt id\u0151szak esem\u00e9nyei.<br \/>\nA bizony\u00edt\u00e9kok egyre s\u00falyosabbak, m\u00e1r Magyar P\u00e9tert is kihallgatj\u00e1k! MUTATJUK A R\u00c9SZLETEKET!<\/h3>\n<h3><span style=\"color: #ff0000;\"><strong>A h\u00edr nem \u00e9rt v\u00e9get! Folytat\u00e1shoz haszn\u00e1ld a K\u00d6VETKEZ\u0150 OLDAL gombot!<\/strong><\/span><\/h3>\n<h3 style=\"text-align: right;\"><a href=\"https:\/\/online-filmkatarzis.com\/kucko\/hirek\/kihallgatasra-viszik-magyar-petert\/\" target=\"_blank\" rel=\"noopener\"><span style=\"color: #ff0000;\">&#8212;&gt;&gt; K\u00d6VETKEZ\u0150 OLDAL<\/span><\/a><\/h3>\n<p>&#8211;<\/p>\n<p>A Peugeot\u202fE\u20115008 a francia m\u00e1rka els\u0151 teljesen elektromos, nagy, h\u00e9t\u00fcl\u00e9ses SUV\u2011ja, amely arra sz\u00fcletett, hogy a csal\u00e1di aut\u00f3z\u00e1s \u00e9s a k\u00f6rnyezetbar\u00e1t k\u00f6zleked\u00e9s ig\u00e9nyeit egyetlen csomagban \u00f6tv\u00f6zze. Ez az aut\u00f3 nem csup\u00e1n egy elektromos v\u00e1ltozat a hagyom\u00e1nyos 5008\u2011as mellett, hanem egy olyan modell, amely a modern EV\u2011technol\u00f3gia ny\u00fajtotta lehet\u0151s\u00e9geket a praktikum, a t\u00e1gas bels\u0151 t\u00e9r \u00e9s a st\u00edlusos megjelen\u00e9s szolg\u00e1lat\u00e1ba \u00e1ll\u00edtja \u2014 mik\u00f6zben versenyk\u00e9pes aj\u00e1nlat marad a h\u00e9t\u00fcl\u00e9ses elektromos SUV\u2011k sz\u0171k piac\u00e1n.<\/p>\n<p>A Peugeot E\u20115008 h\u00e1romf\u00e9le elektromos meghajt\u00e1si vari\u00e1nst k\u00edn\u00e1l: a kisebb, **73\u202fkWh\u2011s akkumul\u00e1torral szerelt egymotoros verzi\u00f3t 207\u202fl\u00f3er\u0151vel, egy er\u0151sebb, szint\u00e9n 73\u202fkWh\u2011s Dual Motor kivitel 321\u202fl\u00f3er\u0151vel, valamint egy **97\u202fkWh\u2011s nagyobb kapacit\u00e1s\u00fa akkumul\u00e1torral szerelt egymotoros v\u00e1ltozatot, amely 227\u202fl\u00f3er\u0151t ad le. A h\u00e9t\u00fcl\u00e9ses SUV ak\u00e1r 0\u201362\u202fmph (0\u2013100\u202fkm\/h) alatt 6,5\u202fm\u00e1sodperces gyorsul\u00e1st is tud a leger\u0151sebb v\u00e1ltozatban, m\u00edg a hagyom\u00e1nyos egymotoros 73\u202fkWh\u2011s modell k\u00f6zel 9,7\u202fm\u00e1sodperc alatt \u00e9ri el a sz\u00e1zat. A v\u00e9gsebess\u00e9g mindegyik v\u00e1ltozatban kb. 105\u2013112\u202fmph (kb. 170\u2013180\u202fkm\/h) k\u00f6r\u00fcl alakul.<\/p>\n<p>A hat\u00f3t\u00e1v ter\u00e9n is j\u00f3 teljes\u00edtm\u00e9nyt ny\u00fajt az E\u20115008: a 73\u202fkWh\u2011s akkumul\u00e1torral \u00e1ltal\u00e1ban k\u00f6r\u00fclbel\u00fcl 226 m\u00e9rf\u00f6ldet (kb. 360\u202fkm) lehet el\u00e9rni vegyes haszn\u00e1latban, de aut\u00f3p\u00e1ly\u00e1n ez az \u00e9rt\u00e9k cs\u00f6kkenhet \u2014 emiatt a tesztel\u0151k ink\u00e1bb a 97\u202fkWh\u2011s nagy akkuval szerelt modellt aj\u00e1nlj\u00e1k, amely WLTP\u2011szerint ak\u00e1r 414 m\u00e9rf\u00f6ldet (kb. 667\u202fkm) is el\u00e9rhet egyetlen t\u00f6lt\u00e9ssel.<\/p>\n","protected":false},"excerpt":{"rendered":"<p>Z\u0171rzavar \u00e9s izgalom a politikai sz\u00ednt\u00e9ren: Budai Gyula kezdem\u00e9nyezte, hogy Magyar P\u00e9tert tan\u00fak\u00e9nt hallgass\u00e1k ki a Ruszin-Szendi Romulusz k\u00f6r\u00fcl kialakult \u00fcgy miatt. Az elj\u00e1r\u00e1s k\u00f6z\u00e9ppontj\u00e1ban vide\u00f3k, fot\u00f3k \u00e9s lefoglalt f\/e\/gyv\/rek \u00e1llnak, amelyek&#8230;<\/p>\n","protected":false},"author":1,"featured_media":9539,"comment_status":"open","ping_status":"open","sticky":false,"template":"","format":"standard","meta":{"footnotes":""},"categories":[2],"tags":[],"class_list":["post-9538","post","type-post","status-publish","format-standard","has-post-thumbnail","hentry","category-altalanos"],"aioseo_notices":[],"_links":{"self":[{"href":"https:\/\/online-filmkatarzis.com\/kucko\/wp-json\/wp\/v2\/posts\/9538","targetHints":{"allow":["GET"]}}],"collection":[{"href":"https:\/\/online-filmkatarzis.com\/kucko\/wp-json\/wp\/v2\/posts"}],"about":[{"href":"https:\/\/online-filmkatarzis.com\/kucko\/wp-json\/wp\/v2\/types\/post"}],"author":[{"embeddable":true,"href":"https:\/\/online-filmkatarzis.com\/kucko\/wp-json\/wp\/v2\/users\/1"}],"replies":[{"embeddable":true,"href":"https:\/\/online-filmkatarzis.com\/kucko\/wp-json\/wp\/v2\/comments?post=9538"}],"version-history":[{"count":1,"href":"https:\/\/online-filmkatarzis.com\/kucko\/wp-json\/wp\/v2\/posts\/9538\/revisions"}],"predecessor-version":[{"id":9540,"href":"https:\/\/online-filmkatarzis.com\/kucko\/wp-json\/wp\/v2\/posts\/9538\/revisions\/9540"}],"wp:featuredmedia":[{"embeddable":true,"href":"https:\/\/online-filmkatarzis.com\/kucko\/wp-json\/wp\/v2\/media\/9539"}],"wp:attachment":[{"href":"https:\/\/online-filmkatarzis.com\/kucko\/wp-json\/wp\/v2\/media?parent=9538"}],"wp:term":[{"taxonomy":"category","embeddable":true,"href":"https:\/\/online-filmkatarzis.com\/kucko\/wp-json\/wp\/v2\/categories?post=9538"},{"taxonomy":"post_tag","embeddable":true,"href":"https:\/\/online-filmkatarzis.com\/kucko\/wp-json\/wp\/v2\/tags?post=9538"}],"curies":[{"name":"wp","href":"https:\/\/api.w.org\/{rel}","templated":true}]}}