{"id":9560,"date":"2026-01-15T15:51:56","date_gmt":"2026-01-15T14:51:56","guid":{"rendered":"https:\/\/online-filmkatarzis.com\/kucko\/?p=9560"},"modified":"2026-01-16T06:33:11","modified_gmt":"2026-01-16T05:33:11","slug":"most-derult-ki-hatizsakba-kerultek-a-huszti-ikrek","status":"publish","type":"post","link":"https:\/\/online-filmkatarzis.com\/kucko\/most-derult-ki-hatizsakba-kerultek-a-huszti-ikrek\/","title":{"rendered":"Most der\u00fclt ki: H\u00e1tizs\u00e1kba ker\u00fcltek a Huszti ikrek!"},"content":{"rendered":"<h3>Egy eg\u00e9sz v\u00e1rost megr\u00e1z\u00f3 rejt\u00e9llyel indult minden. 2025. janu\u00e1r 7-\u00e9n nyomtalanul elt\u0171nt a 32 \u00e9ves Huszti Eliza \u00e9s Huszti Henrietta az \u00e9szak-sk\u00f3ciai Aberdeen sz\u00edv\u00e9ben. A testv\u00e9rp\u00e1rt utolj\u00e1ra a Victoria h\u00eddon l\u00e1tt\u00e1k, amint a Dee foly\u00f3 ment\u00e9n s\u00e9t\u00e1ltak \u2013 azt\u00e1n mintha elnyelte volna \u0151ket a f\u00f6ld. A csal\u00e1d k\u00e9ts\u00e9gbeesetten kereste \u0151ket, a hat\u00f3s\u00e1gok nagy er\u0151kkel nyomoztak, de napokig, hetekig semmi h\u00edr nem \u00e9rkezett. V\u00e9g\u00fcl bek\u00f6vetkezett a legrosszabb: megtal\u00e1lt\u00e1k a h0lt\/test\u00fcket. A trag\u00e9dia nemcsak a hozz\u00e1tartoz\u00f3kat, hanem az eg\u00e9sz k\u00f6z\u00f6ss\u00e9get sokkolta.<br \/>\nMOST DER\u00dcLT KI! A dr\u00e1ma itt m\u00e9g nem \u00e9rt v\u00e9get. MUTATJUK!<\/h3>\n<h3><span style=\"color: #ff0000;\"><strong>A h\u00edr nem \u00e9rt v\u00e9get! Folytat\u00e1shoz haszn\u00e1ld a K\u00d6VETKEZ\u0150 OLDAL gombot!<\/strong><\/span><\/h3>\n<h3 style=\"text-align: right;\"><a href=\"https:\/\/online-filmkatarzis.com\/kucko\/hirek\/most-derult-ki-hatizsakba-kerultek-a-huszti-ikrek\/\" target=\"_blank\" rel=\"noopener\"><span style=\"color: #ff0000;\">&#8212;&gt;&gt; K\u00d6VETKEZ\u0150 OLDAL<\/span><\/a><\/h3>\n<p>&#8211;<\/p>\n<p>A hat\u00f3t\u00e1v a WLTP-szerinti hivatalos adat szerint 140 m\u00e9rf\u00f6ld (kb. 225 km) k\u00f6r\u00fcl van, ami v\u00e1rosi \u00e9s r\u00f6vid t\u00e1v\u00fa ing\u00e1z\u00e1sra b\u0151ven elegend\u0151, de hosszabb utaz\u00e1sok vagy orsz\u00e1g\u00fati temp\u00f3 eset\u00e9n gyorsabban mer\u00fclhet az akkumul\u00e1tor \u2013 ezt a val\u00f3s tesztek is al\u00e1t\u00e1masztj\u00e1k, hiszen p\u00e9ld\u00e1ul folyamatos vegyes haszn\u00e1latban is kb. 109 m\u00e9rf\u00f6ldet (175 km) teljes\u00edtett egy t\u00f6lt\u00e9ssel. A Spring kis akkumul\u00e1tor-m\u00e9rete azt is jelenti, hogy a gyors t\u00f6lt\u00e9si teljes\u00edtm\u00e9ny nem t\u00fal magas: a maxim\u00e1lis sebes\u00e9g kb. 30 kW DC, ami azt jelenti, hogy egy 20-80 %-os felt\u00f6lt\u00e9s kb. 45 percet vesz ig\u00e9nybe \u2013 gyors, de nem kiemelked\u0151 a modern EV-kateg\u00f3ri\u00e1ban.<\/p>\n<p>A Spring funcki\u00f3i egyszer\u0171ek, de praktikusak: a v\u00e1rosi haszn\u00e1lat sor\u00e1n k\u00f6nnyen man\u0151verezhet\u0151, a korm\u00e1nyz\u00e1s k\u00f6nnyed, \u00e9s a fordul\u00f3k\u00f6r sz\u0171k, ami parkol\u00e1sn\u00e1l nagy el\u0151ny. Ugyanakkor a felf\u00fcggeszt\u00e9s zajosabb, a kerekek alap-gumikkal szerelve k\u00f6zepes tapad\u00e1st adnak, \u00e9s a vezet\u00e9si finoms\u00e1g sem olyan kifinomult, mint dr\u00e1g\u00e1bb EV-kn\u00e9l; nagyobb temp\u00f3n\u00e1l pedig \u00e9rz\u00e9kelhet\u0151 a sz\u00e9l- \u00e9s \u00fathang a bels\u0151 t\u00e9rben.<\/p>\n<p>A bels\u0151 t\u00e9r alapvet\u0151en praktikus \u00e9s egyszer\u0171: a m\u0171szerfal funkcion\u00e1lis, rengeteg t\u00e1rol\u00f3hely tal\u00e1lhat\u00f3, a nagy ajt\u00f3k, magas vezet\u00e9si poz\u00edci\u00f3 \u00e9s j\u00f3 kil\u00e1t\u00e1s miatt k\u00e9nyelmes bel\u00e9p\u00e9st \u00e9s kil\u00e9p\u00e9st biztos\u00edt. A tesztek szerint azonban a kem\u00e9ny m\u0171anyagok \u00e9s a kev\u00e9s hangszigetel\u00e9s miatt az utast\u00e9r n\u00e9ha olcs\u00f3 \u00e9rzet\u0171, amit sok v\u00e1s\u00e1rl\u00f3 el is fogad, tekintettel az aut\u00f3 rendk\u00edv\u00fcl alacsony \u00e1r\u00e1ra. A felszerelts\u00e9gben sz\u00e1mos alapvet\u0151 vezet\u00e9st\u00e1mogat\u00f3 rendszer \u00e9s infotainment-megold\u00e1s el\u00e9rhet\u0151, de nem cs\u00facstechnol\u00f3gi\u00e1s szint \u2013 jellemz\u0151en egyszer\u0171, logikus \u00e9s megb\u00edzhat\u00f3 rendszerrel.<\/p>\n<p>A Spring bels\u0151 tere n\u00e9gy szem\u00e9ly sz\u00e1m\u00e1ra k\u00e9nyelmes, \u00f6t\u00f6dik hely hi\u00e1ny\u00e1ban azonban n\u00e9gy teljes \u00e9rt\u00e9k\u0171 utas sz\u00e1m\u00e1ra tervezett. A h\u00e1ts\u00f3 l\u00e1bt\u00e9r mennyis\u00e9ge a kompakt test miatt sz\u0171k\u00f6s, de nem teljesen k\u00e9nyelmetlen, \u00e9s a 308 literes csomagt\u00e9r a maga m\u00e9ret\u00e9ben versenyk\u00e9pes az elektromos kisaut\u00f3k mez\u0151ny\u00e9ben.<\/p>\n<p>Biztons\u00e1gi szempontb\u00f3l a Spring m\u00e9g nem esett \u00e1t Euro NCAP-teszten jelenlegi form\u00e1j\u00e1ban, de kor\u00e1bbi gener\u00e1ci\u00f3ja egy csillagos eredm\u00e9nyt kapott, ami alacsony v\u00e9delmi szintre utal, k\u00fcl\u00f6n\u00f6sen a feln\u0151tt \u00e9s gyermek utasok r\u00e9sz\u00e9re. A gy\u00e1rt\u00f3 azonban nem tervez Euro NCAP-tesztet 2027-ig, amikor a biztons\u00e1gi assziszt rendszereket friss\u00edtik.<\/p>\n","protected":false},"excerpt":{"rendered":"<p>Egy eg\u00e9sz v\u00e1rost megr\u00e1z\u00f3 rejt\u00e9llyel indult minden. 2025. janu\u00e1r 7-\u00e9n nyomtalanul elt\u0171nt a 32 \u00e9ves Huszti Eliza \u00e9s Huszti Henrietta az \u00e9szak-sk\u00f3ciai Aberdeen sz\u00edv\u00e9ben. A testv\u00e9rp\u00e1rt utolj\u00e1ra a Victoria h\u00eddon l\u00e1tt\u00e1k, amint&#8230;<\/p>\n","protected":false},"author":1,"featured_media":9561,"comment_status":"open","ping_status":"open","sticky":false,"template":"","format":"standard","meta":{"footnotes":""},"categories":[2],"tags":[],"class_list":["post-9560","post","type-post","status-publish","format-standard","has-post-thumbnail","hentry","category-altalanos"],"aioseo_notices":[],"_links":{"self":[{"href":"https:\/\/online-filmkatarzis.com\/kucko\/wp-json\/wp\/v2\/posts\/9560","targetHints":{"allow":["GET"]}}],"collection":[{"href":"https:\/\/online-filmkatarzis.com\/kucko\/wp-json\/wp\/v2\/posts"}],"about":[{"href":"https:\/\/online-filmkatarzis.com\/kucko\/wp-json\/wp\/v2\/types\/post"}],"author":[{"embeddable":true,"href":"https:\/\/online-filmkatarzis.com\/kucko\/wp-json\/wp\/v2\/users\/1"}],"replies":[{"embeddable":true,"href":"https:\/\/online-filmkatarzis.com\/kucko\/wp-json\/wp\/v2\/comments?post=9560"}],"version-history":[{"count":3,"href":"https:\/\/online-filmkatarzis.com\/kucko\/wp-json\/wp\/v2\/posts\/9560\/revisions"}],"predecessor-version":[{"id":9574,"href":"https:\/\/online-filmkatarzis.com\/kucko\/wp-json\/wp\/v2\/posts\/9560\/revisions\/9574"}],"wp:featuredmedia":[{"embeddable":true,"href":"https:\/\/online-filmkatarzis.com\/kucko\/wp-json\/wp\/v2\/media\/9561"}],"wp:attachment":[{"href":"https:\/\/online-filmkatarzis.com\/kucko\/wp-json\/wp\/v2\/media?parent=9560"}],"wp:term":[{"taxonomy":"category","embeddable":true,"href":"https:\/\/online-filmkatarzis.com\/kucko\/wp-json\/wp\/v2\/categories?post=9560"},{"taxonomy":"post_tag","embeddable":true,"href":"https:\/\/online-filmkatarzis.com\/kucko\/wp-json\/wp\/v2\/tags?post=9560"}],"curies":[{"name":"wp","href":"https:\/\/api.w.org\/{rel}","templated":true}]}}