{"id":9583,"date":"2026-01-16T16:13:28","date_gmt":"2026-01-16T15:13:28","guid":{"rendered":"https:\/\/online-filmkatarzis.com\/kucko\/?p=9583"},"modified":"2026-01-17T07:24:38","modified_gmt":"2026-01-17T06:24:38","slug":"ezert-halt-meg-az-epekovel-mutott-no","status":"publish","type":"post","link":"https:\/\/online-filmkatarzis.com\/kucko\/ezert-halt-meg-az-epekovel-mutott-no\/","title":{"rendered":"Ez\u00e9rt halt meg az Epek\u0151vel m\u0171t\u00f6tt n\u0151!"},"content":{"rendered":"<h3>Felfoghatatlan trag\u00e9dia \u00e1rny\u00e9kolta be az \u00faj \u00e9v els\u0151 napjait: mind\u00f6ssze k\u00e9t h\u00e9t leforg\u00e1sa alatt vesz\u00edtette el p\u00e1rj\u00e1t Szigeti G\u00e1bor. A f\u00e9rfi nem \u00e9rtette, hogyan t\u00f6rt\u00e9nhetett meg mindez \u2013 hiszen nem ritka, nem is k\u00fcl\u00f6nleges betegs\u00e9g v\u00e9gzett a szerelm\u00e9vel. Egy egyszer\u0171 epek\u0151.<br \/>\nOlyasmi, amir\u0151l az ember azt hinn\u00e9, rutinfeladat az orvosoknak. Olyasmi, ami miatt senki nem k\u00e9sz\u00fcl a legrosszabbra. G\u00e1bor sem k\u00e9sz\u00fclt. Pedig kellett volna\u2026<br \/>\nMUTATJUK A R\u00c9SZLETEKET!<\/h3>\n<h3><span style=\"color: #ff0000;\"><strong>A h\u00edr nem \u00e9rt v\u00e9get! Folytat\u00e1shoz haszn\u00e1ld a K\u00d6VETKEZ\u0150 OLDAL gombot!<\/strong><\/span><\/h3>\n<h3 style=\"text-align: right;\"><a href=\"https:\/\/online-filmkatarzis.com\/kucko\/hirek\/ezert-halt-meg-az-epekovel-mutott-no\/\" target=\"_blank\" rel=\"noopener\"><span style=\"color: #ff0000;\">&#8212;&gt;&gt; K\u00d6VETKEZ\u0150 OLDAL<\/span><\/a><\/h3>\n<p>&#8211;<\/p>\n<p>A Kia EV9 egy teljesen elektromos, nagym\u00e9ret\u0171, h\u00e1rom-soros SUV, amely a Kia eddigi legnagyobb \u00e9s legdr\u00e1g\u00e1bb modelljei k\u00f6z\u00e9 tartozik, \u00e9s egyre ink\u00e1bb versenybe sz\u00e1ll a pr\u00e9mium csal\u00e1di elektromos aut\u00f3k mez\u0151ny\u00e9ben. Ez az elektromos SUV a Kia saj\u00e1t e-GMP padl\u00f3lemez\u00e9re \u00e9p\u00fcl, amely az elektromos hajt\u00e1sl\u00e1ncot \u00e9s az akkumul\u00e1tortechnol\u00f3gi\u00e1t optimaliz\u00e1lja, nagy hat\u00f3t\u00e1vot \u00e9s er\u0151s teljes\u00edtm\u00e9nyt k\u00edn\u00e1lva egy h\u00e9t\u00fcl\u00e9ses karossz\u00e9ri\u00e1ban.<\/p>\n<p>A Kia EV9 jellemz\u0151en 99,8 kWh-s nagy kapacit\u00e1s\u00fa akkumul\u00e1torral \u00e9rhet\u0151 el, amelyb\u0151l kb. 96 kWh haszn\u00e1lhat\u00f3 energia \u00e1ll rendelkez\u00e9sre. Ez az akkumul\u00e1tor egyetlen felt\u00f6lt\u00e9ssel ak\u00e1r 349 m\u00e9rf\u00f6ld (kb. 560 km) WLTP-szerinti hat\u00f3t\u00e1vols\u00e1got tesz lehet\u0151v\u00e9 a h\u00e1ts\u00f3ker\u00e9khajt\u00e1s\u00fa, egymotoros v\u00e1ltozatn\u00e1l, m\u00edg a k\u00e9tmotoros, \u00f6sszker\u00e9khajt\u00e1s\u00fa kivitelek eset\u00e9n valamivel kevesebb a hat\u00f3t\u00e1v, de tov\u00e1bbra is versenyk\u00e9pes a nagym\u00e9ret\u0171 SUV-elektromos aut\u00f3k k\u00f6z\u00f6tt.<\/p>\n<p>A hajt\u00e1sl\u00e1nc-v\u00e1laszt\u00e9knak k\u00e9t alappill\u00e9rei vannak: a h\u00e1ts\u00f3ker\u00e9khajt\u00e1s\u00fa, egymotoros \u00f6ssze\u00e1ll\u00edt\u00e1s, amely kb. 200 LE (200 bhp) teljes\u00edtm\u00e9nyt \u00e9s elegend\u0151 dinamizmust k\u00edn\u00e1l a mindennapi k\u00f6zleked\u00e9shez; valamint a k\u00e9tmotoros, \u00f6sszker\u00e9khajt\u00e1s\u00fa v\u00e1ltozat, amely 378 LE k\u00f6r\u00fcl teljes\u00edt, \u00e9s sokkal er\u0151sebb, sportosabb menetteljes\u00edtm\u00e9nyt ad m\u00e9g egy ilyen nagym\u00e9ret\u0171 SUV-hoz k\u00e9pest. A cs\u00facskateg\u00f3ri\u00e1s GT v\u00e1ltozat enn\u00e9l is er\u0151sebb, k\u00f6r\u00fclbel\u00fcl 501 LE-s rendszerteljes\u00edtm\u00e9nyre k\u00e9pes, \u00e9s ezt a hatalmas t\u00f6meget (t\u00f6bb mint 2,6 tonna) is gyorsan mozgatja: a leger\u0151sebb kivitel 0\u2013100 km\/h-ra kb. 4,6 m\u00e1sodperc alatt gyorsul, ami figyelemre m\u00e9lt\u00f3 egy ilyen m\u00e9ret\u0171 j\u00e1rm\u0171t\u0151l.<\/p>\n","protected":false},"excerpt":{"rendered":"<p>Felfoghatatlan trag\u00e9dia \u00e1rny\u00e9kolta be az \u00faj \u00e9v els\u0151 napjait: mind\u00f6ssze k\u00e9t h\u00e9t leforg\u00e1sa alatt vesz\u00edtette el p\u00e1rj\u00e1t Szigeti G\u00e1bor. A f\u00e9rfi nem \u00e9rtette, hogyan t\u00f6rt\u00e9nhetett meg mindez \u2013 hiszen nem ritka, nem&#8230;<\/p>\n","protected":false},"author":1,"featured_media":9584,"comment_status":"open","ping_status":"open","sticky":false,"template":"","format":"standard","meta":{"footnotes":""},"categories":[2],"tags":[],"class_list":["post-9583","post","type-post","status-publish","format-standard","has-post-thumbnail","hentry","category-altalanos"],"aioseo_notices":[],"_links":{"self":[{"href":"https:\/\/online-filmkatarzis.com\/kucko\/wp-json\/wp\/v2\/posts\/9583","targetHints":{"allow":["GET"]}}],"collection":[{"href":"https:\/\/online-filmkatarzis.com\/kucko\/wp-json\/wp\/v2\/posts"}],"about":[{"href":"https:\/\/online-filmkatarzis.com\/kucko\/wp-json\/wp\/v2\/types\/post"}],"author":[{"embeddable":true,"href":"https:\/\/online-filmkatarzis.com\/kucko\/wp-json\/wp\/v2\/users\/1"}],"replies":[{"embeddable":true,"href":"https:\/\/online-filmkatarzis.com\/kucko\/wp-json\/wp\/v2\/comments?post=9583"}],"version-history":[{"count":3,"href":"https:\/\/online-filmkatarzis.com\/kucko\/wp-json\/wp\/v2\/posts\/9583\/revisions"}],"predecessor-version":[{"id":9597,"href":"https:\/\/online-filmkatarzis.com\/kucko\/wp-json\/wp\/v2\/posts\/9583\/revisions\/9597"}],"wp:featuredmedia":[{"embeddable":true,"href":"https:\/\/online-filmkatarzis.com\/kucko\/wp-json\/wp\/v2\/media\/9584"}],"wp:attachment":[{"href":"https:\/\/online-filmkatarzis.com\/kucko\/wp-json\/wp\/v2\/media?parent=9583"}],"wp:term":[{"taxonomy":"category","embeddable":true,"href":"https:\/\/online-filmkatarzis.com\/kucko\/wp-json\/wp\/v2\/categories?post=9583"},{"taxonomy":"post_tag","embeddable":true,"href":"https:\/\/online-filmkatarzis.com\/kucko\/wp-json\/wp\/v2\/tags?post=9583"}],"curies":[{"name":"wp","href":"https:\/\/api.w.org\/{rel}","templated":true}]}}