{"id":9587,"date":"2026-01-16T17:06:05","date_gmt":"2026-01-16T16:06:05","guid":{"rendered":"https:\/\/online-filmkatarzis.com\/kucko\/?p=9587"},"modified":"2026-01-17T07:24:31","modified_gmt":"2026-01-17T06:24:31","slug":"osszeveszett-korda-gyorgy-es-balazs-klari","status":"publish","type":"post","link":"https:\/\/online-filmkatarzis.com\/kucko\/osszeveszett-korda-gyorgy-es-balazs-klari\/","title":{"rendered":"\u00d6sszeveszett Korda Gy\u00f6rgy \u00e9s Bal\u00e1zs Kl\u00e1ri!"},"content":{"rendered":"<h3>K\u00edv\u00fclr\u0151l mes\u00e9be ill\u0151: t\u00f6bb mint negyven \u00e9v egy\u00fctt, k\u00f6z\u00f6s sz\u00ednpad, k\u00f6z\u00f6s \u00e9let, mosolyok a kamer\u00e1k el\u0151tt. De ami a reflektorf\u00e9ny m\u00f6g\u00f6tt t\u00f6rt\u00e9nik, az m\u00e1r kor\u00e1ntsem ilyen idilli. Korda Gy\u00f6rgy \u00e9s Bal\u00e1zs Kl\u00e1ri kapcsolat\u00e1t sokan p\u00e9lda\u00e9rt\u00e9k\u0171nek tartj\u00e1k, \u00e1m kevesen tudj\u00e1k, hogy a hossz\u00fa \u00e9vek alatt bizony voltak kem\u00e9ny \u00f6sszez\u00f6rd\u00fcl\u00e9sek is. K\u00e9t er\u0151s akarat, k\u00e9t hat\u00e1rozott v\u00e9lem\u00e9ny \u2013 ebb\u0151l bizony id\u0151nk\u00e9nt szikr\u00e1k pattannak. \u00c9s most el\u0151ker\u00fclt egy felv\u00e9tel, ami mindent m\u00e1s megvil\u00e1g\u00edt\u00e1sba helyez\u2026<br \/>\nMUTATJUK A R\u00c9SZLETEKET!<\/h3>\n<h3><span style=\"color: #ff0000;\"><strong>A h\u00edr nem \u00e9rt v\u00e9get! Folytat\u00e1shoz haszn\u00e1ld a K\u00d6VETKEZ\u0150 OLDAL gombot!<\/strong><\/span><\/h3>\n<h3 style=\"text-align: right;\"><a href=\"https:\/\/online-filmkatarzis.com\/kucko\/hirek\/osszeveszett-korda-gyorgy-es-balazs-klari\/\" target=\"_blank\" rel=\"noopener\"><span style=\"color: #ff0000;\">&#8212;&gt;&gt; K\u00d6VETKEZ\u0150 OLDAL<\/span><\/a><\/h3>\n<p>&#8211;<\/p>\n<p>A Qashqai e\u2011Power l\u00e9nyeg\u00e9ben sorosan hibrid hajt\u00e1st haszn\u00e1l: egy 1,5 literes, h\u00e1romhengeres turb\u00f3motor nem k\u00f6zvetlen\u00fcl hajtja a kerekeket, hanem egy gener\u00e1tork\u00e9nt termeli az \u00e1ramot, ami a villanymotort t\u00e1pl\u00e1lja, \u00edgy az aut\u00f3 val\u00f3j\u00e1ban mindig elektromos hajt\u00e1ssal halad \u2013 de nem kell k\u00fcls\u0151leg t\u00f6lteni. Ez az elrendez\u00e9s azt jelenti, hogy a gyors\u00edt\u00e1s \u00e9s a vezet\u00e9si \u00e9lm\u00e9ny igazi \u201eEV\u2011szer\u0171\u201d reakci\u00f3kkal rendelkezik: a g\u00e1zped\u00e1l minden egyes lenyom\u00e1s\u00e1ra sim\u00e1n \u00e9s er\u0151teljesen reag\u00e1l az aut\u00f3, mintha tiszt\u00e1n elektromos j\u00e1rm\u0171 lenne, mik\u00f6zben a benzines motor csendesen termeli az energi\u00e1t.<\/p>\n<p>A Nissan e\u2011Power rendszer jelent\u0151s fejleszt\u00e9seket kapott az el\u0151z\u0151 gener\u00e1ci\u00f3hoz k\u00e9pest, \u00edgy a hajt\u00e1sl\u00e1nc hat\u00e9konys\u00e1ga 15\u202f%-kal n\u0151tt, ami jobban cs\u00f6kkenti az \u00fczemanyag\u2011fogyaszt\u00e1st k\u00fcl\u00f6n\u00f6sen aut\u00f3p\u00e1ly\u00e1s halad\u00e1sn\u00e1l. A gy\u00e1ri WLTP\u2011\u00e9rt\u00e9kek szerint ak\u00e1r 62,8\u202fmpg\u2011es fogyaszt\u00e1s \u00e9rhet\u0151 el \u2013 ami elm\u00e9leti hat\u00f3t\u00e1vot jelenthet kb. 745 m\u00e9rf\u00f6ldre (kb. 1\u202f200\u202fkm) egyetlen tankkal \u2013, mik\u00f6zben a CO\u2082\u2011kibocs\u00e1t\u00e1s ak\u00e1r 102\u202fg\/km\u2011re is cs\u00f6kkenhet. Ez a teljes\u00edtm\u00e9ny \u00e9s hat\u00e9konys\u00e1g a legt\u00f6bb hagyom\u00e1nyos hibrid \u00e9s sok plug\u2011in hibrid riv\u00e1lisn\u00e1l versenyk\u00e9pesebb.<\/p>\n<p>A teljes\u00edtm\u00e9ny 201\u202fLE\u2011re emelkedett, ami kb. 13\u202fLE\u2011vel t\u00f6bb, mint kor\u00e1bban, \u00e9s a 0\u2013100\u202fkm\/h gyorsul\u00e1si id\u0151 7,6\u202fm\u00e1sodpercre cs\u00f6kkent, ami egy csal\u00e1di SUV\u2011t\u00f3l el\u00e9g f\u00fcrge \u00e9rz\u00e9st ad. Ez a plusz teljes\u00edtm\u00e9ny k\u00fcl\u00f6n\u00f6sen a \u201eSport\u201d \u00fczemm\u00f3dban \u00e9rhet\u0151 el, m\u00edg a \u201eStandard\u201d \u00e9s \u201eEco\u201d m\u00f3dok a kor\u00e1bbi 188\u202fLE\u2011s szintet tartj\u00e1k meg, \u00edgy a vezet\u00e9si \u00e9lm\u00e9ny rugalmasan igaz\u00edthat\u00f3 az ig\u00e9nyekhez.<\/p>\n","protected":false},"excerpt":{"rendered":"<p>K\u00edv\u00fclr\u0151l mes\u00e9be ill\u0151: t\u00f6bb mint negyven \u00e9v egy\u00fctt, k\u00f6z\u00f6s sz\u00ednpad, k\u00f6z\u00f6s \u00e9let, mosolyok a kamer\u00e1k el\u0151tt. De ami a reflektorf\u00e9ny m\u00f6g\u00f6tt t\u00f6rt\u00e9nik, az m\u00e1r kor\u00e1ntsem ilyen idilli. Korda Gy\u00f6rgy \u00e9s Bal\u00e1zs Kl\u00e1ri&#8230;<\/p>\n","protected":false},"author":1,"featured_media":9588,"comment_status":"open","ping_status":"open","sticky":false,"template":"","format":"standard","meta":{"footnotes":""},"categories":[2],"tags":[],"class_list":["post-9587","post","type-post","status-publish","format-standard","has-post-thumbnail","hentry","category-altalanos"],"aioseo_notices":[],"_links":{"self":[{"href":"https:\/\/online-filmkatarzis.com\/kucko\/wp-json\/wp\/v2\/posts\/9587","targetHints":{"allow":["GET"]}}],"collection":[{"href":"https:\/\/online-filmkatarzis.com\/kucko\/wp-json\/wp\/v2\/posts"}],"about":[{"href":"https:\/\/online-filmkatarzis.com\/kucko\/wp-json\/wp\/v2\/types\/post"}],"author":[{"embeddable":true,"href":"https:\/\/online-filmkatarzis.com\/kucko\/wp-json\/wp\/v2\/users\/1"}],"replies":[{"embeddable":true,"href":"https:\/\/online-filmkatarzis.com\/kucko\/wp-json\/wp\/v2\/comments?post=9587"}],"version-history":[{"count":3,"href":"https:\/\/online-filmkatarzis.com\/kucko\/wp-json\/wp\/v2\/posts\/9587\/revisions"}],"predecessor-version":[{"id":9596,"href":"https:\/\/online-filmkatarzis.com\/kucko\/wp-json\/wp\/v2\/posts\/9587\/revisions\/9596"}],"wp:featuredmedia":[{"embeddable":true,"href":"https:\/\/online-filmkatarzis.com\/kucko\/wp-json\/wp\/v2\/media\/9588"}],"wp:attachment":[{"href":"https:\/\/online-filmkatarzis.com\/kucko\/wp-json\/wp\/v2\/media?parent=9587"}],"wp:term":[{"taxonomy":"category","embeddable":true,"href":"https:\/\/online-filmkatarzis.com\/kucko\/wp-json\/wp\/v2\/categories?post=9587"},{"taxonomy":"post_tag","embeddable":true,"href":"https:\/\/online-filmkatarzis.com\/kucko\/wp-json\/wp\/v2\/tags?post=9587"}],"curies":[{"name":"wp","href":"https:\/\/api.w.org\/{rel}","templated":true}]}}