{"id":9591,"date":"2026-01-16T19:42:53","date_gmt":"2026-01-16T18:42:53","guid":{"rendered":"https:\/\/online-filmkatarzis.com\/kucko\/?p=9591"},"modified":"2026-01-16T19:42:53","modified_gmt":"2026-01-16T18:42:53","slug":"ebbe-halt-meg-koltai-janos","status":"publish","type":"post","link":"https:\/\/online-filmkatarzis.com\/kucko\/ebbe-halt-meg-koltai-janos\/","title":{"rendered":"Ebbe halt meg Koltai J\u00e1nos!"},"content":{"rendered":"<h3>P\u00e9ntek d\u00e9lut\u00e1n sokkol\u00f3 h\u00edr r\u00e1zta meg a magyar k\u00f6z\u00f6ns\u00e9get: \u00e9let\u00e9nek 91. \u00e9v\u00e9ben elhunyt Koltai J\u00e1nos. Az orsz\u00e1g legnagyobb r\u00e9sze a Szomsz\u00e9dok d\u00f6rzs\u00f6lt, mindig tettre k\u00e9sz v\u00e1llalkoz\u00f3jak\u00e9nt, G\u00e1bor G\u00e1bork\u00e9nt ismerte, de a val\u00f3s\u00e1gban tehets\u00e9ge j\u00f3val t\u00falmutatott a sorozaton. Mindenki, aki valaha tal\u00e1lkozott vele a sz\u00ednpadon vagy a filmv\u00e1sznon, tudta: egy igazi ikon t\u00e1vozott.<br \/>\nEbbe halt meg Koltai J\u00e1nos! Mutatjuk a r\u00e9szleteket!<\/h3>\n<h3><span style=\"color: #ff0000;\"><strong>A h\u00edr nem \u00e9rt v\u00e9get! Folytat\u00e1shoz haszn\u00e1ld a K\u00d6VETKEZ\u0150 OLDAL gombot!<\/strong><\/span><\/h3>\n<h3 style=\"text-align: right;\"><a href=\"https:\/\/online-filmkatarzis.com\/kucko\/hirek\/ebbe-halt-meg-koltai-janos\/\" target=\"_blank\" rel=\"noopener\"><span style=\"color: #ff0000;\">&#8212;&gt;&gt; K\u00d6VETKEZ\u0150 OLDAL<\/span><\/a><\/h3>\n<p>&#8211;<\/p>\n<p>Az Edition\u202f85 \u00e1ra \u2013 az aut\u00f3 tesztelt felszerelts\u00e9ggel kb. \u00a347\u202f140 k\u00f6r\u00fcl \u2013 els\u0151re tal\u00e1n kicsit \u201cmagasnak\u201d t\u0171nik egy olyan j\u00e1rm\u0171n\u00e9l, amelyet a Skoda a nagyobb, dr\u00e1g\u00e1bb Enyaq olcs\u00f3bb alternat\u00edv\u00e1jak\u00e9nt pr\u00f3b\u00e1lt meghat\u00e1rozni. Ugyanakkor, ha levessz\u00fck a dr\u00e1g\u00e1bb opci\u00f3kat vagy az egyedi extr\u00e1kat (mint p\u00e9ld\u00e1ul a Max pack vagy a h\u0151szivatty\u00fas t\u00e9li csomag), a v\u00e9tel\u00e1r m\u00e1r re\u00e1lisabb, \u00e9s a bels\u0151 k\u00e9nyelem, technol\u00f3gia \u00e9s menetteljes\u00edtm\u00e9ny szempontj\u00e1b\u00f3l kiel\u00e9g\u00edt\u0151 kompromisszumot k\u00edn\u00e1l.<\/p>\n<p>\u00d6sszess\u00e9g\u00e9ben a Auto Express hossz\u00fa t\u00e1v\u00fa riportja alapj\u00e1n a Skoda Elroq Edition\u202f85 egy olyan kiegyens\u00falyozott, szerethet\u0151 \u00e9s praktikus elektromos SUV, amely k\u00f6nnyed\u00e9n teljes\u00edti a tipikus csal\u00e1di ig\u00e9nyeket, mik\u00f6zben nem pazarolja el az aut\u00f3z\u00e1s \u00e9lm\u00e9ny\u00e9t sem, hanem komfortos, dinamikus \u00e9s kifinomult alternat\u00edv\u00e1t ny\u00fajt a riv\u00e1lisokhoz k\u00e9pest \u2013 m\u00e9g akkor is, ha egyeseket eleinte riaszthat a m\u00e1rka elavultnak tartott reput\u00e1ci\u00f3ja. A Toyota Proace City Verso egy t\u00e1gas, elektromos meghajt\u00e1s\u00fa v\u00e1rosi \u00e9s csal\u00e1di MPV, amely az egyik legpraktikusabb ember\u2011 \u00e9s csomagsz\u00e1ll\u00edt\u00f3 j\u00e1rm\u0171 a piacon, k\u00fcl\u00f6n\u00f6sen akkor, ha helyet \u00e9s rugalmass\u00e1got keres\u00fcnk h\u00e9t\u00fcl\u00e9ses elrendez\u00e9sben. Ez a modell a Toyota k\u00edn\u00e1lat\u00e1ban az \u00fagynevezett \u201eVerso\u201d fant\u00e1zian\u00e9v alatt fut, ami azt jelenti, hogy utas\u2011orient\u00e1lt, embersz\u00e1ll\u00edt\u00f3 v\u00e1ltozatr\u00f3l van sz\u00f3, szemben a hagyom\u00e1nyos \u00e1rusz\u00e1ll\u00edt\u00f3 vagy haszong\u00e9pj\u00e1rm\u0171\u2011alap\u00fa modellekkel, de a konstrukci\u00f3t tekintve m\u00e9gis egy kisteheraut\u00f3\u2011platformra \u00e9p\u00fcl, amit a Stellantis\u2011csoport (Citro\u00ebn, Peugeot, Vauxhall) hasonl\u00f3 modelljeivel oszt meg. A 2024 v\u00e9g\u00e9n v\u00e9grehajtott r\u00e1ncfelvarr\u00e1ssal a Proace City Verso megkapta a Toyota korszer\u0171bb front diz\u00e1jnj\u00e1t \u00e9s modern vonalvezet\u00e9s\u00e9t, amely n\u00e9mi egyedis\u00e9get k\u00f6lcs\u00f6n\u00f6z neki a hasonl\u00f3 alap\u00fa j\u00e1rm\u0171vek k\u00f6z\u00f6tt, noha a formavil\u00e1g \u00f6sszess\u00e9g\u00e9ben konzervat\u00edv \u00e9s nem t\u00fal karakteres.<\/p>\n","protected":false},"excerpt":{"rendered":"<p>P\u00e9ntek d\u00e9lut\u00e1n sokkol\u00f3 h\u00edr r\u00e1zta meg a magyar k\u00f6z\u00f6ns\u00e9get: \u00e9let\u00e9nek 91. \u00e9v\u00e9ben elhunyt Koltai J\u00e1nos. Az orsz\u00e1g legnagyobb r\u00e9sze a Szomsz\u00e9dok d\u00f6rzs\u00f6lt, mindig tettre k\u00e9sz v\u00e1llalkoz\u00f3jak\u00e9nt, G\u00e1bor G\u00e1bork\u00e9nt ismerte, de a val\u00f3s\u00e1gban&#8230;<\/p>\n","protected":false},"author":1,"featured_media":9592,"comment_status":"open","ping_status":"open","sticky":false,"template":"","format":"standard","meta":{"footnotes":""},"categories":[2],"tags":[],"class_list":["post-9591","post","type-post","status-publish","format-standard","has-post-thumbnail","hentry","category-altalanos"],"aioseo_notices":[],"_links":{"self":[{"href":"https:\/\/online-filmkatarzis.com\/kucko\/wp-json\/wp\/v2\/posts\/9591","targetHints":{"allow":["GET"]}}],"collection":[{"href":"https:\/\/online-filmkatarzis.com\/kucko\/wp-json\/wp\/v2\/posts"}],"about":[{"href":"https:\/\/online-filmkatarzis.com\/kucko\/wp-json\/wp\/v2\/types\/post"}],"author":[{"embeddable":true,"href":"https:\/\/online-filmkatarzis.com\/kucko\/wp-json\/wp\/v2\/users\/1"}],"replies":[{"embeddable":true,"href":"https:\/\/online-filmkatarzis.com\/kucko\/wp-json\/wp\/v2\/comments?post=9591"}],"version-history":[{"count":1,"href":"https:\/\/online-filmkatarzis.com\/kucko\/wp-json\/wp\/v2\/posts\/9591\/revisions"}],"predecessor-version":[{"id":9593,"href":"https:\/\/online-filmkatarzis.com\/kucko\/wp-json\/wp\/v2\/posts\/9591\/revisions\/9593"}],"wp:featuredmedia":[{"embeddable":true,"href":"https:\/\/online-filmkatarzis.com\/kucko\/wp-json\/wp\/v2\/media\/9592"}],"wp:attachment":[{"href":"https:\/\/online-filmkatarzis.com\/kucko\/wp-json\/wp\/v2\/media?parent=9591"}],"wp:term":[{"taxonomy":"category","embeddable":true,"href":"https:\/\/online-filmkatarzis.com\/kucko\/wp-json\/wp\/v2\/categories?post=9591"},{"taxonomy":"post_tag","embeddable":true,"href":"https:\/\/online-filmkatarzis.com\/kucko\/wp-json\/wp\/v2\/tags?post=9591"}],"curies":[{"name":"wp","href":"https:\/\/api.w.org\/{rel}","templated":true}]}}