{"id":9629,"date":"2026-01-18T16:28:33","date_gmt":"2026-01-18T15:28:33","guid":{"rendered":"https:\/\/online-filmkatarzis.com\/kucko\/?p=9629"},"modified":"2026-01-19T10:28:54","modified_gmt":"2026-01-19T09:28:54","slug":"tisztazta-a-csalad-a-szornyu-hirt-fenyo-miklosrol","status":"publish","type":"post","link":"https:\/\/online-filmkatarzis.com\/kucko\/tisztazta-a-csalad-a-szornyu-hirt-fenyo-miklosrol\/","title":{"rendered":"Tiszt\u00e1zta a csal\u00e1d a sz\u00f6rny\u0171 h\u00edrt Feny\u0151 Mikl\u00f3sr\u00f3l"},"content":{"rendered":"<h3>A hazai rock and roll egyik ikonja, Feny\u0151 Mikl\u00f3s v\u00e1ratlanul s\u00falyos eg\u00e9szs\u00e9g\u00fcgyi v\u00e1ls\u00e1gba ker\u00fclt: a 78 \u00e9ves zen\u00e9szt m\u00falt vas\u00e1rnap k\u00f3rh\u00e1zba sz\u00e1ll\u00edtott\u00e1k t\u00fcd\u0151gyullad\u00e1s gyan\u00faj\u00e1val \u2013 der\u00fclt ki a csal\u00e1d hivatalos k\u00f6zlem\u00e9ny\u00e9b\u0151l. A hivatalos sorok \u00edgy sz\u00f3ltak: \u201eMikl\u00f3s sajnos t\u00fcd\u0151gyullad\u00e1s k\u00f6vetkezt\u00e9ben k\u00f3rh\u00e1zi kezel\u00e9s alatt \u00e1ll. Drukkoljatok neki, hogy min\u00e9l el\u0151bb meggy\u00f3gyuljon! Tov\u00e1bbi inform\u00e1ci\u00f3val kapcsolatban t\u00e1j\u00e9koztatni fogunk titeket.\u201d<br \/>\nM\u00c1R NEM TITOK, AMIT EDDIG TITKOLTAK! MUTATJUK A R\u00c9SZLETEKET!<\/h3>\n<h3><span style=\"color: #ff0000;\"><strong>A h\u00edr nem \u00e9rt v\u00e9get! Folytat\u00e1shoz haszn\u00e1ld a K\u00d6VETKEZ\u0150 OLDAL gombot!<\/strong><\/span><\/h3>\n<h3 style=\"text-align: right;\"><a href=\"https:\/\/online-filmkatarzis.com\/kucko\/hirek\/tisztazta-a-csalad-a-szornyu-hirt-fenyo-miklosrol\/\" target=\"_blank\" rel=\"noopener\"><span style=\"color: #ff0000;\">&#8212;&gt;&gt; K\u00d6VETKEZ\u0150 OLDAL<\/span><\/a><\/h3>\n<p>&#8211;<\/p>\n<p>A hat\u00f3t\u00e1v az akkumul\u00e1tor kapacit\u00e1s\u00e1t\u00f3l \u00e9s a hajt\u00e1s t\u00edpus\u00e1t\u00f3l f\u00fcgg\u0151en v\u00e1ltozik:<br \/>\nAz 84\u202fkWh\u2011s modellek k\u00edn\u00e1lj\u00e1k a legjobb hat\u00f3t\u00e1vot, ak\u00e1r 300 m\u00e9rf\u00f6ld feletti (t\u00f6bb mint 480\u202fkm\u2011es) WLTP\u2011\u00e9rt\u00e9kkel a h\u00e1ts\u00f3ker\u00e9k\u2011hajt\u00e1s\u00fa v\u00e1ltozatn\u00e1l.<br \/>\nAz 63\u202fkWh\u2011s alapmodell kisebb hat\u00f3t\u00e1vot ad (k\u00f6r\u00fclbel\u00fcl 265 m\u00e9rf\u00f6ld \/ kb. 430\u202fkm WLTP).<br \/>\nEz a tartom\u00e1ny a legt\u00f6bb csal\u00e1di \u00e9s h\u00e9tv\u00e9gi felhaszn\u00e1l\u00e1shoz b\u0151s\u00e9ges. A gyors DC\u2011t\u00f6lt\u00e9s t\u00e1mogat\u00e1sa lehet\u0151v\u00e9 teszi, hogy 10\u201180\u202f%\u2011ra ak\u00e1r 30\u201340 perc alatt felt\u00f6ltsd az akkumul\u00e1tort er\u0151s vill\u00e1mt\u00f6lt\u0151n, b\u00e1r a t\u00e9nyleges cs\u00facs DC\u2011teljes\u00edtm\u00e9ny a gyakorlati tesztekben kiss\u00e9 alacsonyabb volt, mint n\u00e9h\u00e1ny specifik\u00e1ci\u00f3 \u00edg\u00e9ri \u2014 de \u00edgy is versenyk\u00e9pes.<\/p>\n<p>Az EV6 beltere modern \u00e9s j\u00f3l felszerelt, a m\u0171szerfalat k\u00e9t f\u00e9lk\u00f6r\u00edves, egym\u00e1s mell\u00e9 illesztett 12,3\u2011colos kijelz\u0151 uralja, amelyek egyar\u00e1nt szolg\u00e1lnak infotainment \u00e9s m\u0171szerfal funkci\u00f3kkal. Az \u00e9rint\u0151k\u00e9perny\u0151 k\u00f6nnyen kezelhet\u0151, t\u00e1mogatja a vezet\u00e9k n\u00e9lk\u00fcli Apple CarPlay \u00e9s Android Auto haszn\u00e1lat\u00e1t, \u00e9s alapfelszerelts\u00e9ggel \u00e9rkezik Wi\u2011Fi\u2011 \u00e9s sz\u00e1mos USB\u2011csatlakoz\u00f3val.<br \/>\nA bels\u0151 t\u00e9r anyagai j\u00f3 min\u0151s\u00e9g\u0171ek \u00e9s modern megjelen\u00e9s\u0171ek; p\u00e9ld\u00e1ul a kor\u00e1bbi f\u00e9nyes fekete fel\u00fcleteket matt text\u00far\u00e1j\u00fara cser\u00e9lt\u00e9k, ami kev\u00e9sb\u00e9 karcol\u00f3dik. A friss\u00edtett EV6 belt\u00e9rben a nappa vagy mesters\u00e9ges b\u0151r \u00fcl\u00e9sk\u00e1rpit is el\u00e9rhet\u0151 a magasabb felszerelts\u00e9gekben.<br \/>\nHaszn\u00e1lati szempontb\u00f3l az EV6 el\u00e9g t\u00e1g, k\u00fcl\u00f6n\u00f6sen l\u00e1bt\u00e9rben h\u00e1tul, de a fej\u2011 \u00e9s csomagt\u00e9r (490\u202fliter alap, h\u00e1ts\u00f3 \u00fcl\u00e9sek led\u00f6nt\u00e9s\u00e9vel ~1300\u202fliterig b\u0151v\u00edthet\u0151) nem a legnagyobb a kateg\u00f3ri\u00e1ban \u2014 alacsonyabb tet\u0151 \u00e9s meredek h\u00e1ts\u00f3 ablak miatt a t\u00e9r\u00e9rzet n\u00e9mileg korl\u00e1tozottabb lehet, mint n\u00e9h\u00e1ny rivaliz\u00e1l\u00f3 SUV\u2011n\u00e1l.<br \/>\nA Kia EV6 praktikus rekeszeket \u00e9s egy 52\u202fliteres t\u00e1rol\u00f3t k\u00edn\u00e1l a motorh\u00e1ztet\u0151 alatt (RWD eset\u00e9n); AWD\u2011ben ez kisebb, kb. 20\u202fliterre cs\u00f6kken.<br \/>\nAz EV6 Euro NCAP \u00f6tcsillagos biztons\u00e1gi min\u0151s\u00edt\u00e9st kapott, kiv\u00e1l\u00f3 eredm\u00e9nnyel feln\u0151tt \u00e9s gyermek utasv\u00e9delemben. Az akt\u00edv biztons\u00e1gi rendszerek k\u00f6re mag\u00e1ban foglalja az auton\u00f3m v\u00e9szf\u00e9krendszert, adapt\u00edv tempomatot, s\u00e1vtart\u00f3 asszisztenst \u00e9s forgalmi t\u00e1bla\u2011felismer\u00e9st, amelyek m\u00e1r alapfelszerelts\u00e9gben el\u00e9rhet\u0151k.<\/p>\n","protected":false},"excerpt":{"rendered":"<p>A hazai rock and roll egyik ikonja, Feny\u0151 Mikl\u00f3s v\u00e1ratlanul s\u00falyos eg\u00e9szs\u00e9g\u00fcgyi v\u00e1ls\u00e1gba ker\u00fclt: a 78 \u00e9ves zen\u00e9szt m\u00falt vas\u00e1rnap k\u00f3rh\u00e1zba sz\u00e1ll\u00edtott\u00e1k t\u00fcd\u0151gyullad\u00e1s gyan\u00faj\u00e1val \u2013 der\u00fclt ki a csal\u00e1d hivatalos k\u00f6zlem\u00e9ny\u00e9b\u0151l. A&#8230;<\/p>\n","protected":false},"author":1,"featured_media":9630,"comment_status":"open","ping_status":"open","sticky":false,"template":"","format":"standard","meta":{"footnotes":""},"categories":[2],"tags":[],"class_list":["post-9629","post","type-post","status-publish","format-standard","has-post-thumbnail","hentry","category-altalanos"],"aioseo_notices":[],"_links":{"self":[{"href":"https:\/\/online-filmkatarzis.com\/kucko\/wp-json\/wp\/v2\/posts\/9629","targetHints":{"allow":["GET"]}}],"collection":[{"href":"https:\/\/online-filmkatarzis.com\/kucko\/wp-json\/wp\/v2\/posts"}],"about":[{"href":"https:\/\/online-filmkatarzis.com\/kucko\/wp-json\/wp\/v2\/types\/post"}],"author":[{"embeddable":true,"href":"https:\/\/online-filmkatarzis.com\/kucko\/wp-json\/wp\/v2\/users\/1"}],"replies":[{"embeddable":true,"href":"https:\/\/online-filmkatarzis.com\/kucko\/wp-json\/wp\/v2\/comments?post=9629"}],"version-history":[{"count":3,"href":"https:\/\/online-filmkatarzis.com\/kucko\/wp-json\/wp\/v2\/posts\/9629\/revisions"}],"predecessor-version":[{"id":9643,"href":"https:\/\/online-filmkatarzis.com\/kucko\/wp-json\/wp\/v2\/posts\/9629\/revisions\/9643"}],"wp:featuredmedia":[{"embeddable":true,"href":"https:\/\/online-filmkatarzis.com\/kucko\/wp-json\/wp\/v2\/media\/9630"}],"wp:attachment":[{"href":"https:\/\/online-filmkatarzis.com\/kucko\/wp-json\/wp\/v2\/media?parent=9629"}],"wp:term":[{"taxonomy":"category","embeddable":true,"href":"https:\/\/online-filmkatarzis.com\/kucko\/wp-json\/wp\/v2\/categories?post=9629"},{"taxonomy":"post_tag","embeddable":true,"href":"https:\/\/online-filmkatarzis.com\/kucko\/wp-json\/wp\/v2\/tags?post=9629"}],"curies":[{"name":"wp","href":"https:\/\/api.w.org\/{rel}","templated":true}]}}