{"id":9697,"date":"2026-01-21T17:16:37","date_gmt":"2026-01-21T16:16:37","guid":{"rendered":"https:\/\/online-filmkatarzis.com\/kucko\/?p=9697"},"modified":"2026-01-21T17:17:58","modified_gmt":"2026-01-21T16:17:58","slug":"igy-szamoljak-januarban-a-futest-a-rezsistop-miatt","status":"publish","type":"post","link":"https:\/\/online-filmkatarzis.com\/kucko\/igy-szamoljak-januarban-a-futest-a-rezsistop-miatt\/","title":{"rendered":"\u00cdgy sz\u00e1molj\u00e1k janu\u00e1rban a f\u0171t\u00e9st a rezsistop miatt!"},"content":{"rendered":"<h3>Orb\u00e1n Viktor egy sokatmond\u00f3, Termin\u00e1tort id\u00e9z\u0151 Facebook-poszttal jelezte: baj van. Nagy baj. A rendk\u00edv\u00fcli hideg miatt elsz\u00e1llhatnak a f\u0171t\u00e9ssz\u00e1ml\u00e1k \u2013 a korm\u00e1ny pedig azonnali d\u00f6nt\u00e9sre k\u00e9sz\u00fcl.<br \/>\nA h\u0151m\u00e9rs\u00e9klet napok \u00f3ta \u201315 fok al\u00e1 zuhan, s\u0151t, egyes t\u00e9rs\u00e9gekben \u201320 fokot is m\u00e9rtek. Ilyen hidegre \u00e9vek \u00f3ta nem volt p\u00e9lda.<br \/>\nJanu\u00e1ri rezsistopot vezetett be a korm\u00e1ny! MUTATJUK A R\u00c9SZLETEKET!<\/h3>\n<h3><span style=\"color: #ff0000;\"><strong>A h\u00edr nem \u00e9rt v\u00e9get! Folytat\u00e1shoz haszn\u00e1ld a K\u00d6VETKEZ\u0150 OLDAL gombot!<\/strong><\/span><\/h3>\n<h3><strong><!--nextpage--><\/strong><\/h3>\n<h3>Janu\u00e1rra rezsistopot vezetnek be. A bejelent\u00e9s szerint a rendk\u00edv\u00fcli hideg miatti t\u00f6bbletf\u0171t\u00e9s k\u00f6lts\u00e9g\u00e9t a korm\u00e1ny \u00e1tv\u00e1llalja a lakoss\u00e1gt\u00f3l. De itt j\u00f6n a fesz\u00fclts\u00e9g: senki sem tudja pontosan, hogyan. K\u00e9t forgat\u00f3k\u00f6nyv lebeg a leveg\u0151ben: vagy a megszokott keret felett is kedvezm\u00e9nyes \u00e1ron adj\u00e1k a g\u00e1zt \u00e9s az \u00e1ramot,<br \/>\nvagy az \u00e1llam teljes eg\u00e9sz\u00e9ben lenyeli a janu\u00e1ri pluszfogyaszt\u00e1s \u00e1r\u00e1t. Ha ez nem t\u00f6rt\u00e9nne meg, sok h\u00e1ztart\u00e1s brut\u00e1lis meglepet\u00e9ssel szembes\u00fclne. Aki kics\u00faszik a rezsics\u00f6kkentett keretb\u0151l, az ak\u00e1r 7,5-szeres \u00e1rat is fizethetne a g\u00e1z\u00e9rt. Ez m\u00e1r nem p\u00e1r ezer forintos plusz \u2013 ez t\u00edzezrekben m\u00e9rhet\u0151 csap\u00e1s.<br \/>\n\u00cdGY SZ\u00c1MOLJANAK AZ \u00c1LTAL\u00c1NYD\u00cdJASOK:<\/h3>\n<h3><span style=\"color: #ff0000;\"><strong>A h\u00edr nem \u00e9rt v\u00e9get! Folytat\u00e1shoz haszn\u00e1ld a K\u00d6VETKEZ\u0150 OLDAL gombot!<\/strong><\/span><\/h3>\n<h3><strong><!--nextpage--><\/strong><\/h3>\n<h3>Aki havonta fix \u00f6sszeget fizet, most fell\u00e9legezhet\u2026 vagy \u00e9pp ellenkez\u0151leg. Ha az \u00e9ves fogyaszt\u00e1s b\u0151ven a kedvezm\u00e9nyes hat\u00e1r alatt marad, a janu\u00e1ri extra f\u0171t\u00e9s nem okoz gondot. De aki m\u00e1r eddig is a plafon k\u00f6zel\u00e9ben volt, az az \u00e9ves elsz\u00e1mol\u00e1skor szembes\u00fclhetne a sokkol\u00f3 t\u00f6bbletk\u00f6lts\u00e9ggel \u2013 ha nem j\u00f6n a rezsistop. De j\u00f6tt!<br \/>\nHavi leolvas\u00e1sn\u00e1l m\u00e9g nagyobb a vesz\u00e9ly: A t\u00e9li h\u00f3napokra ugyan t\u00f6bb kedvezm\u00e9nyes g\u00e1z jut, de ez a mostani hidegben k\u00f6nnyen kev\u00e9s lehet. A pluszfogyaszt\u00e1s m\u00e1r piaci \u00e1ron menne \u2013 hacsak a korm\u00e1ny k\u00f6zbe nem l\u00e9p.<br \/>\nAz \u00e1ramn\u00e1l nincs \u201et\u00e9li kedvezm\u00e9ny\u201d, a havi keret fix. Aki most t\u00f6bbet fogyaszt, k\u00f6nnyen \u00e1tesik a hat\u00e1ron. Igaz, itt \u201ecsak\u201d k\u00e9tszeres az \u00e1r \u2013 de egy hideg janu\u00e1rban ez is f\u00e1jdalmas lehet.<br \/>\nA nagy k\u00e9rd\u00e9s most ez: Meddig tart a rezsistop? Minden f\u0171t\u00e9si m\u00f3dra vonatkozik? \u00c9s t\u00e9nyleg senkinek nem kell kifizetnie a janu\u00e1ri hideg \u00e1r\u00e1t?<br \/>\nA v\u00e1lasz napokon bel\u00fcl j\u00f6het. A r\u00e9szletek a korm\u00e1nyinf\u00f3n der\u00fclhetnek ki, addig viszont mindenki sz\u00e1mol\u2026 \u00e9s agg\u00f3dik.<\/h3>\n<p>VIA Blikk \/ FB<\/p>\n","protected":false},"excerpt":{"rendered":"<p>Orb\u00e1n Viktor egy sokatmond\u00f3, Termin\u00e1tort id\u00e9z\u0151 Facebook-poszttal jelezte: baj van. Nagy baj. A rendk\u00edv\u00fcli hideg miatt elsz\u00e1llhatnak a f\u0171t\u00e9ssz\u00e1ml\u00e1k \u2013 a korm\u00e1ny pedig azonnali d\u00f6nt\u00e9sre k\u00e9sz\u00fcl. A h\u0151m\u00e9rs\u00e9klet napok \u00f3ta \u201315 fok&#8230;<\/p>\n","protected":false},"author":1,"featured_media":9701,"comment_status":"open","ping_status":"open","sticky":false,"template":"","format":"standard","meta":{"footnotes":""},"categories":[2],"tags":[],"class_list":["post-9697","post","type-post","status-publish","format-standard","has-post-thumbnail","hentry","category-altalanos"],"aioseo_notices":[],"_links":{"self":[{"href":"https:\/\/online-filmkatarzis.com\/kucko\/wp-json\/wp\/v2\/posts\/9697","targetHints":{"allow":["GET"]}}],"collection":[{"href":"https:\/\/online-filmkatarzis.com\/kucko\/wp-json\/wp\/v2\/posts"}],"about":[{"href":"https:\/\/online-filmkatarzis.com\/kucko\/wp-json\/wp\/v2\/types\/post"}],"author":[{"embeddable":true,"href":"https:\/\/online-filmkatarzis.com\/kucko\/wp-json\/wp\/v2\/users\/1"}],"replies":[{"embeddable":true,"href":"https:\/\/online-filmkatarzis.com\/kucko\/wp-json\/wp\/v2\/comments?post=9697"}],"version-history":[{"count":2,"href":"https:\/\/online-filmkatarzis.com\/kucko\/wp-json\/wp\/v2\/posts\/9697\/revisions"}],"predecessor-version":[{"id":9704,"href":"https:\/\/online-filmkatarzis.com\/kucko\/wp-json\/wp\/v2\/posts\/9697\/revisions\/9704"}],"wp:featuredmedia":[{"embeddable":true,"href":"https:\/\/online-filmkatarzis.com\/kucko\/wp-json\/wp\/v2\/media\/9701"}],"wp:attachment":[{"href":"https:\/\/online-filmkatarzis.com\/kucko\/wp-json\/wp\/v2\/media?parent=9697"}],"wp:term":[{"taxonomy":"category","embeddable":true,"href":"https:\/\/online-filmkatarzis.com\/kucko\/wp-json\/wp\/v2\/categories?post=9697"},{"taxonomy":"post_tag","embeddable":true,"href":"https:\/\/online-filmkatarzis.com\/kucko\/wp-json\/wp\/v2\/tags?post=9697"}],"curies":[{"name":"wp","href":"https:\/\/api.w.org\/{rel}","templated":true}]}}