{"id":9708,"date":"2026-01-21T18:28:46","date_gmt":"2026-01-21T17:28:46","guid":{"rendered":"https:\/\/online-filmkatarzis.com\/kucko\/?p=9708"},"modified":"2026-01-21T18:30:52","modified_gmt":"2026-01-21T17:30:52","slug":"sulyos-balesetet-szenvedett-medgyessy-peter","status":"publish","type":"post","link":"https:\/\/online-filmkatarzis.com\/kucko\/sulyos-balesetet-szenvedett-medgyessy-peter\/","title":{"rendered":"S\u00falyos balesetet szenvedett Medgyessy P\u00e9ter"},"content":{"rendered":"<h3>Megdermedt a leveg\u0151, amikor kider\u00fclt: k\u00f3rh\u00e1zba ker\u00fclt Magyarorsz\u00e1g egykori minisztereln\u00f6ke. A mindig akt\u00edv, sportos \u00e9letet \u00e9l\u0151 Medgyessy P\u00e9ter saj\u00e1t otthon\u00e1ban szenvedett s\u00falyos balesetet \u2013 r\u00e1ad\u00e1sul teljesen v\u00e1ratlanul.<br \/>\nA volt korm\u00e1nyf\u0151t nem nyilv\u00e1nos esem\u00e9nyen, nem utaz\u00e1s k\u00f6zben, hanem a kertj\u00e9ben \u00e9rte a baj. A t\u00e9l kegyetlen arc\u00e1t mutatta: h\u00f3, j\u00e9g, egy rossz l\u00e9p\u00e9s \u2013 \u00e9s m\u00e1ris megt\u00f6rt\u00e9nt a trag\u00e9dia.<br \/>\nROSSZ H\u00cdREK \u00c9RKEZEK! MUTATJUK A R\u00c9SZLETEKET!<\/h3>\n<h3><span style=\"color: #ff0000;\"><strong>A h\u00edr nem \u00e9rt v\u00e9get! Folytat\u00e1shoz haszn\u00e1ld a K\u00d6VETKEZ\u0150 OLDAL gombot!<\/strong><\/span><\/h3>\n<h3><strong><!--nextpage--><\/strong><\/h3>\n<h3>A r\u00e9szletek hamar napvil\u00e1gra ker\u00fcltek, \u00e9s nem sok j\u00f3t sejtettek. Medgyessy P\u00e9ter elcs\u00faszott a jeges talajon, a l\u00e1ba kifordult, \u00e9s elt\u00f6rt a bok\u00e1ja. A f\u00e1jdalom elviselhetetlen volt, a helyzet pedig egy\u00e9rtelm\u0171: k\u00f3rh\u00e1zba kellett sz\u00e1ll\u00edtani, ahol meg is oper\u00e1lt\u00e1k.<br \/>\n\u2013 A havon, j\u00e9gen cs\u00faszott el \u2013 \u00e1rulta el megnyugtat\u00f3, de m\u00e9gis sokatmond\u00f3 szavakkal nevelt l\u00e1nya, Torn\u00f3czky Anita, aki hangs\u00falyozta: \u00e9letvesz\u00e9ly nincs, de a s\u00e9r\u00fcl\u00e9s s\u00falyos.<br \/>\nA volt minisztereln\u00f6k jelenleg is k\u00f3rh\u00e1zban l\u00e1badozik. A m\u0171t\u00e9t sikeres volt, \u00e1m az orvosok szerint hossz\u00fa hetekig tart\u00f3 fel\u00e9p\u00fcl\u00e9s v\u00e1r r\u00e1. A helyzet komolys\u00e1g\u00e1t jelzi, hogy a csontot nemcsak gipsszel, hanem k\u00fcl\u00f6nf\u00e9le r\u00f6gz\u00edt\u0151 eszk\u00f6z\u00f6kkel is stabiliz\u00e1lni kell.<br \/>\nSAJNOS EZZEL M\u00c9G NINCS V\u00c9GE!<\/h3>\n<h3><span style=\"color: #ff0000;\"><strong>A h\u00edr nem \u00e9rt v\u00e9get! Folytat\u00e1shoz haszn\u00e1ld a K\u00d6VETKEZ\u0150 OLDAL gombot!<\/strong><\/span><\/h3>\n<h3><strong><!--nextpage--><\/strong><\/h3>\n<h3>Medgyessy P\u00e9ter maga is megsz\u00f3lalt a k\u00f3rh\u00e1zi \u00e1gy\u00e1r\u00f3l \u2013 \u00e9s szavai tov\u00e1bb fokozz\u00e1k a fesz\u00fclts\u00e9get.<br \/>\n\u2013 Ban\u00e1lis baleset volt, rosszul l\u00e9ptem \u2013 mondta. \u2013 Az orvosok legal\u00e1bb hat h\u00e9t gy\u00f3gyul\u00e1ssal sz\u00e1molnak. F\u00e1jdalmas id\u0151szak ez, nem tagadom, de b\u00edzom benne, hogy rendbe j\u00f6v\u00f6k.<br \/>\nA volt korm\u00e1nyf\u0151 sz\u00e1m\u00e1ra a k\u00e9nyszer\u0171 mozdulatlans\u00e1g k\u00fcl\u00f6n\u00f6sen neh\u00e9z lehet. Nem ez az els\u0151 komoly megpr\u00f3b\u00e1ltat\u00e1s: 2021-ben t\u00e9rdm\u0171t\u00e9ten is \u00e1tesett, amely szint\u00e9n hossz\u00fa rehabilit\u00e1ci\u00f3t ig\u00e9nyelt. Akkor is optimist\u00e1n tekintett a j\u00f6v\u0151be \u2013 ahogy most is.<\/h3>\n<p>VIA Blikk<\/p>\n","protected":false},"excerpt":{"rendered":"<p>Megdermedt a leveg\u0151, amikor kider\u00fclt: k\u00f3rh\u00e1zba ker\u00fclt Magyarorsz\u00e1g egykori minisztereln\u00f6ke. A mindig akt\u00edv, sportos \u00e9letet \u00e9l\u0151 Medgyessy P\u00e9ter saj\u00e1t otthon\u00e1ban szenvedett s\u00falyos balesetet \u2013 r\u00e1ad\u00e1sul teljesen v\u00e1ratlanul. A volt korm\u00e1nyf\u0151t nem nyilv\u00e1nos&#8230;<\/p>\n","protected":false},"author":1,"featured_media":9709,"comment_status":"open","ping_status":"open","sticky":false,"template":"","format":"standard","meta":{"footnotes":""},"categories":[2],"tags":[],"class_list":["post-9708","post","type-post","status-publish","format-standard","has-post-thumbnail","hentry","category-altalanos"],"aioseo_notices":[],"_links":{"self":[{"href":"https:\/\/online-filmkatarzis.com\/kucko\/wp-json\/wp\/v2\/posts\/9708","targetHints":{"allow":["GET"]}}],"collection":[{"href":"https:\/\/online-filmkatarzis.com\/kucko\/wp-json\/wp\/v2\/posts"}],"about":[{"href":"https:\/\/online-filmkatarzis.com\/kucko\/wp-json\/wp\/v2\/types\/post"}],"author":[{"embeddable":true,"href":"https:\/\/online-filmkatarzis.com\/kucko\/wp-json\/wp\/v2\/users\/1"}],"replies":[{"embeddable":true,"href":"https:\/\/online-filmkatarzis.com\/kucko\/wp-json\/wp\/v2\/comments?post=9708"}],"version-history":[{"count":2,"href":"https:\/\/online-filmkatarzis.com\/kucko\/wp-json\/wp\/v2\/posts\/9708\/revisions"}],"predecessor-version":[{"id":9711,"href":"https:\/\/online-filmkatarzis.com\/kucko\/wp-json\/wp\/v2\/posts\/9708\/revisions\/9711"}],"wp:featuredmedia":[{"embeddable":true,"href":"https:\/\/online-filmkatarzis.com\/kucko\/wp-json\/wp\/v2\/media\/9709"}],"wp:attachment":[{"href":"https:\/\/online-filmkatarzis.com\/kucko\/wp-json\/wp\/v2\/media?parent=9708"}],"wp:term":[{"taxonomy":"category","embeddable":true,"href":"https:\/\/online-filmkatarzis.com\/kucko\/wp-json\/wp\/v2\/categories?post=9708"},{"taxonomy":"post_tag","embeddable":true,"href":"https:\/\/online-filmkatarzis.com\/kucko\/wp-json\/wp\/v2\/tags?post=9708"}],"curies":[{"name":"wp","href":"https:\/\/api.w.org\/{rel}","templated":true}]}}