{"id":9763,"date":"2026-01-25T11:51:14","date_gmt":"2026-01-25T10:51:14","guid":{"rendered":"https:\/\/online-filmkatarzis.com\/kucko\/?p=9763"},"modified":"2026-01-27T17:05:58","modified_gmt":"2026-01-27T16:05:58","slug":"tragedia-tortent-herceg-erikaval","status":"publish","type":"post","link":"https:\/\/online-filmkatarzis.com\/kucko\/tragedia-tortent-herceg-erikaval\/","title":{"rendered":"Trag\u00e9dia t\u00f6rt\u00e9nt Herceg Erik\u00e1val"},"content":{"rendered":"<h3>Trag\u00e9dia \u00e9rte Herceg Erik\u00e1t. A mindig mosolyg\u00f3s, er\u0151s \u00e9nekesn\u0151r\u0151l eddig azt hitt\u00fck, semmi nem tudja megt\u00f6rni, most azonban valami v\u00e9g\u00e9rv\u00e9nyesen megv\u00e1ltozott. A rajong\u00f3k d\u00f6bbenten k\u00e9rdezt\u00e9k: vajon a sors t\u00fal nagy csap\u00e1st m\u00e9rt r\u00e1? Egy \u00e1lom, egy \u00e9let \u00e9rt hirtelen v\u00e9get.<br \/>\nMUTATJUK A R\u00c9SZLETEKET!<\/h3>\n<h3><span style=\"color: #ff0000;\"><strong>A h\u00edr nem \u00e9rt v\u00e9get! Folytat\u00e1shoz haszn\u00e1ld a K\u00d6VETKEZ\u0150 OLDAL gombot!<\/strong><\/span><\/h3>\n<h3 style=\"text-align: right;\"><a href=\"https:\/\/online-filmkatarzis.com\/kucko\/hirek\/tragedia-tortent-herceg-erikaval\/\" target=\"_blank\" rel=\"noopener\"><span style=\"color: #ff0000;\">&#8212;&gt;&gt; K\u00d6VETKEZ\u0150 OLDAL<\/span><\/a><\/h3>\n<p>A Peugeot e-2008 GT egy kompaktnak sz\u00e1m\u00edt\u00f3 villany-SUV, amely a Peugeot 2008 szabadid\u0151-aut\u00f3 tiszt\u00e1n elektromos v\u00e1ltozata. A m\u00e1sodik gener\u00e1ci\u00f3s 2008-as modellre \u00e9p\u00fcl\u0151 e-2008-at m\u00e1r 2020 \u00f3ta k\u00edn\u00e1lja a m\u00e1rka, de 2023-as facelift \u00e9s technikai friss\u00edt\u00e9sek ut\u00e1n tov\u00e1bb javultak a hat\u00f3t\u00e1v-adatok \u00e9s t\u00f6lt\u00e9si lehet\u0151s\u00e9gek is, \u00edgy ma m\u00e1r versenyk\u00e9pes marad a B-szegmens elektromos SUV-jai k\u00f6z\u00f6tt. A modern platformon egy k\u00f6r\u00fclbel\u00fcl 50 kWh-s akkumul\u00e1tor dolgozik, amelynek WLTP-szerinti hat\u00f3t\u00e1vols\u00e1ga az \u00fajabb verzi\u00f3kn\u00e1l ak\u00e1r 406 km-ig is el\u00e9rhet; a kor\u00e1bbi modellekn\u00e9l ez kb. 310 km volt.<\/p>\n<p>Az Auto Express hossz\u00fa t\u00e1v\u00fa tesztje r\u00e1vil\u00e1g\u00edtott arra, hogy b\u00e1r az e-2008 GT hivatalosan 248 m\u00e9rf\u00f6ldes (k\u00f6r\u00fclbel\u00fcl 400 km) WLTP-s hat\u00f3t\u00e1vot jelez 100 %-os t\u00f6lt\u00f6tts\u00e9gn\u00e9l, ez val\u00f3j\u00e1ban optimista, \u201elegjobb eset\u201d alap\u00fa sz\u00e1m, amelyhez ide\u00e1lis k\u00f6r\u00fclm\u00e9nyek, m\u00e9rs\u00e9kelt sebess\u00e9g \u00e9s kedvez\u0151 id\u0151j\u00e1r\u00e1s sz\u00fcks\u00e9ges. A val\u00f3s haszn\u00e1lat sor\u00e1n az aut\u00f3 hat\u00f3t\u00e1v-\u00e9rt\u00e9ke a kijelz\u0151n kezdetben ezt mutatja, \u00e1m a rendszer k\u00e9s\u0151bb \u201emegtanulja\u201d a vezet\u00e9si st\u00edlust \u00e9s korrig\u00e1lja a becsl\u00e9st. A teszt sor\u00e1n a felhaszn\u00e1l\u00f3 megtanulta, hogy a fed\u00e9lzeti sz\u00e1m\u00edt\u00f3g\u00e9p \u00e1tlagfogyaszt\u00e1s-adataib\u00f3l (p\u00e9ld\u00e1ul 4,0\u20134,1 m\u00e9rf\u00f6ld\/kWh k\u00f6r\u00fcl) hamarabb \u00e9s re\u00e1lisabban lehet hat\u00f3t\u00e1v-sz\u00e1m\u00edt\u00e1st v\u00e9gezni, mint a 100 %-os kezdeti \u00e9rt\u00e9kb\u0151l.<\/p>\n<p>Ez a viselked\u00e9s sok tulajdonos sz\u00e1m\u00e1ra zavar\u00f3 lehet, mert a fed\u00e9lzeti rendszer nem mindig ad azonnal pontos, az aktu\u00e1lis vezet\u00e9si k\u00f6r\u00fclm\u00e9nyekhez igaz\u00edtott tartom\u00e1nybecsl\u00e9st. Mik\u00f6zben m\u00e1s elektromos aut\u00f3k dinamikusan sz\u00e1molj\u00e1k a marad\u00e9k hat\u00f3t\u00e1vot, addig a Peugeot e-2008 kezdetben ragaszkodik a gy\u00e1ri WLTP-\u00e9rt\u00e9khez, majd csak ut\u00f3lag korrig\u00e1l \u2014 ez a tapasztalat \u201efejt\u00f6r\u00e9st okozhat\u201d a vezet\u00e9s k\u00f6zben, \u00e9s ment\u00e1lis alkalmazkod\u00e1st ig\u00e9nyel.<\/p>\n<p>A hossz\u00fa t\u00e1v\u00fa haszn\u00e1lat alatt az e-2008 GT ugyanakkor hat\u00e9kony elektromos t\u00e1rsnak bizonyult a ny\u00e1ri h\u00f3napokban: a val\u00f3s \u00e1tlagfogyaszt\u00e1s 4,1 m\u00e9rf\u00f6ld\/kWh k\u00f6r\u00fcl alakult, ami egy kompakt SUV-t\u00f3l elfogadhat\u00f3nak mondhat\u00f3. Ez az \u00e9rt\u00e9k azt jelenti, hogy a t\u00e9nyleges hat\u00f3t\u00e1v kb. 204\u2013209 m\u00e9rf\u00f6ld (330\u2013336 km) k\u00f6r\u00fcl j\u00f6tt ki a val\u00f3di utak \u00e9s felhaszn\u00e1l\u00e1si m\u00f3d alapj\u00e1n, amikor a haszn\u00e1l\u00f3 a val\u00f3s adatokat vette figyelembe a m\u0171szerfalon.<\/p>\n","protected":false},"excerpt":{"rendered":"<p>Trag\u00e9dia \u00e9rte Herceg Erik\u00e1t. A mindig mosolyg\u00f3s, er\u0151s \u00e9nekesn\u0151r\u0151l eddig azt hitt\u00fck, semmi nem tudja megt\u00f6rni, most azonban valami v\u00e9g\u00e9rv\u00e9nyesen megv\u00e1ltozott. A rajong\u00f3k d\u00f6bbenten k\u00e9rdezt\u00e9k: vajon a sors t\u00fal nagy csap\u00e1st m\u00e9rt&#8230;<\/p>\n","protected":false},"author":1,"featured_media":9764,"comment_status":"open","ping_status":"open","sticky":false,"template":"","format":"standard","meta":{"footnotes":""},"categories":[2],"tags":[],"class_list":["post-9763","post","type-post","status-publish","format-standard","has-post-thumbnail","hentry","category-altalanos"],"aioseo_notices":[],"_links":{"self":[{"href":"https:\/\/online-filmkatarzis.com\/kucko\/wp-json\/wp\/v2\/posts\/9763","targetHints":{"allow":["GET"]}}],"collection":[{"href":"https:\/\/online-filmkatarzis.com\/kucko\/wp-json\/wp\/v2\/posts"}],"about":[{"href":"https:\/\/online-filmkatarzis.com\/kucko\/wp-json\/wp\/v2\/types\/post"}],"author":[{"embeddable":true,"href":"https:\/\/online-filmkatarzis.com\/kucko\/wp-json\/wp\/v2\/users\/1"}],"replies":[{"embeddable":true,"href":"https:\/\/online-filmkatarzis.com\/kucko\/wp-json\/wp\/v2\/comments?post=9763"}],"version-history":[{"count":3,"href":"https:\/\/online-filmkatarzis.com\/kucko\/wp-json\/wp\/v2\/posts\/9763\/revisions"}],"predecessor-version":[{"id":9784,"href":"https:\/\/online-filmkatarzis.com\/kucko\/wp-json\/wp\/v2\/posts\/9763\/revisions\/9784"}],"wp:featuredmedia":[{"embeddable":true,"href":"https:\/\/online-filmkatarzis.com\/kucko\/wp-json\/wp\/v2\/media\/9764"}],"wp:attachment":[{"href":"https:\/\/online-filmkatarzis.com\/kucko\/wp-json\/wp\/v2\/media?parent=9763"}],"wp:term":[{"taxonomy":"category","embeddable":true,"href":"https:\/\/online-filmkatarzis.com\/kucko\/wp-json\/wp\/v2\/categories?post=9763"},{"taxonomy":"post_tag","embeddable":true,"href":"https:\/\/online-filmkatarzis.com\/kucko\/wp-json\/wp\/v2\/tags?post=9763"}],"curies":[{"name":"wp","href":"https:\/\/api.w.org\/{rel}","templated":true}]}}