{"id":9771,"date":"2026-01-26T16:21:43","date_gmt":"2026-01-26T15:21:43","guid":{"rendered":"https:\/\/online-filmkatarzis.com\/kucko\/?p=9771"},"modified":"2026-01-26T16:21:43","modified_gmt":"2026-01-26T15:21:43","slug":"ennyivel-lesz-kevesebb-a-futes-januarban","status":"publish","type":"post","link":"https:\/\/online-filmkatarzis.com\/kucko\/ennyivel-lesz-kevesebb-a-futes-januarban\/","title":{"rendered":"Ennyivel lesz kevesebb a f\u0171t\u00e9s janu\u00e1rban!"},"content":{"rendered":"<h3>A rendk\u00edv\u00fcli janu\u00e1ri fagyok nemcsak az utc\u00e1kat, hanem a h\u00e1ztart\u00e1sok p\u00e9nzt\u00e1rc\u00e1j\u00e1t is pr\u00f3b\u00e1ra tett\u00e9k. Az elm\u00falt hetekben soha nem l\u00e1tott m\u00e9rt\u00e9kben p\u00f6r\u00f6gtek fel a kaz\u00e1nok, a radi\u00e1torok \u00e9s a t\u00e1vf\u0171t\u00e9si rendszerek. A lakoss\u00e1g egyre idegesebben figyelte a fogyaszt\u00e1st, mik\u00f6zben mindenki ugyanazt k\u00e9rdezte: mekkora lesz a rezsisz\u00e1mla?<br \/>\nA n\u00f6vekv\u0151 aggodalmakra reag\u00e1lva a korm\u00e1ny m\u00falt h\u00e9ten v\u00e1ratlan bejelent\u00e9st tett: rezsistopot hirdetnek, hogy a hideg miatt megugr\u00f3 energiafelhaszn\u00e1l\u00e1s ne jelentsen pluszterhet a csal\u00e1doknak.<br \/>\nV\u00c9GRE MEG\u00c9RKEZTEK A PONTOS SZ\u00c1MOK! MUTATJUK!<\/h3>\n<h3><span style=\"color: #ff0000;\"><strong>A h\u00edr nem \u00e9rt v\u00e9get! Folytat\u00e1shoz haszn\u00e1ld a K\u00d6VETKEZ\u0150 OLDAL gombot!<\/strong><\/span><\/h3>\n<h3 style=\"text-align: right;\"><a href=\"https:\/\/online-filmkatarzis.com\/kucko\/hirek\/ennyivel-lesz-kevesebb-a-futes-januarban\/\" target=\"_blank\" rel=\"noopener\"><span style=\"color: #ff0000;\">&#8212;&gt;&gt; K\u00d6VETKEZ\u0150 OLDAL<\/span><\/a><\/h3>\n<p>A Honda Jazz EX Style 2022 a Honda kisaut\u00f3-szegmens\u00e9nek egyik leg\u00e9rdekesebb \u00e9s legsokoldal\u00fabb k\u00e9pvisel\u0151je: a Jazz neve \u00e9vtizedek \u00f3ta a praktikum, t\u00e1gas bels\u0151 t\u00e9r \u00e9s alacsony \u00fczemeltet\u00e9si k\u00f6lts\u00e9g szinonim\u00e1ja az eur\u00f3pai piacon. A negyedik gener\u00e1ci\u00f3 2020-ban deb\u00fct\u00e1lt, \u00e9s az\u00f3ta Jap\u00e1nban \u00e9s Nagy-Britanni\u00e1ban is rendk\u00edv\u00fcl n\u00e9pszer\u0171 maradt, t\u00f6bbek k\u00f6z\u00f6tt amiatt, mert m\u00e1r kiz\u00e1r\u00f3lag hibrid hajt\u00e1ssal \u00e9rhet\u0151 el (e:HEV), ami v\u00e1rosi \u00e9s orsz\u00e1g\u00fati haszn\u00e1latn\u00e1l egyar\u00e1nt takar\u00e9kos \u00e9s sima m\u0171k\u00f6d\u00e9st biztos\u00edt. A EX Style pedig a cs\u00facsfelszerelts\u00e9get jelenti a Jazz palett\u00e1n bel\u00fcl, azzal a c\u00e9llal, hogy extra vizu\u00e1lis \u00e9s k\u00e9nyelmi elemekkel emelje ki a modellt a t\u00f6bbi Jazz k\u00f6z\u00fcl.<\/p>\n<p>K\u00fcls\u0151re a Jazz EX Style sportosabb \u00e9s karakteresebb is, mint a gyeng\u00e9bb felszerelts\u00e9gi v\u00e1ltozatok: a fekete tet\u0151 \u00e9s t\u00fckr\u00f6k kontrasztot adnak az alapsz\u00ednhez, a 16-colos egyedi k\u00f6nny\u0171f\u00e9m ker\u00e9kt\u00e1rcs\u00e1k pedig nemcsak eszt\u00e9tikailag emelik a megjelen\u00e9st, hanem egyfajta \u201esokkal eleg\u00e1nsabb, crossover-szer\u0171\u201d jelleggel is ruh\u00e1zz\u00e1k fel a kisaut\u00f3t.<\/p>\n<p>Bels\u0151 t\u00e9r \u00e9s felszerelts\u00e9g ter\u00e9n a Jazz tov\u00e1bbra is a kateg\u00f3ria egyik legpraktikusabb aut\u00f3ja. A bels\u0151 \u00fcl\u00e9sek r\u00e9szben k\u00e1rpitozottak, r\u00e9szben b\u0151rhat\u00e1s\u00fa anyagokkal bor\u00edtottak, a f\u0171thet\u0151 els\u0151 \u00fcl\u00e9sek \u00e9s a f\u0171thet\u0151 korm\u00e1ny pedig kifejezetten el\u0151ny\u00f6s extra hidegebb id\u0151ben. A m\u0171szerfalon nagy, k\u00f6nnyen \u00e1ttekinthet\u0151 digit\u00e1lis kijelz\u0151 \u00e9s egy \u00e9rz\u00e9keny, gyors \u00e9rint\u0151k\u00e9perny\u0151s infotainment rendszer tal\u00e1lhat\u00f3, amely t\u00e1mogatja az Apple CarPlay \u00e9s Android Auto rendszerrel val\u00f3 kapcsol\u00f3d\u00e1st is.<\/p>\n<p>A praktikum m\u00e9g mindig a Jazz er\u0151ss\u00e9ge: az aut\u00f3 bels\u0151 tere a szupermini-oszt\u00e1lyban kimagasl\u00f3an t\u00e1gas, k\u00fcl\u00f6n\u00f6sen a h\u00e1ts\u00f3 \u00fcl\u00e9seken, ahol a l\u00e1b- \u00e9s fejhely b\u0151s\u00e9gesnek mondhat\u00f3 annak ellen\u00e9re, hogy maga az aut\u00f3 hossza nem nagyobb sok riv\u00e1lisn\u00e1l. A Jazz bels\u0151 kialak\u00edt\u00e1sa \u00fagy lett tervezve, hogy a Magic Seats \u00fcl\u00e9sek (amelyek t\u00f6bbf\u00e9le konfigur\u00e1ci\u00f3ban ford\u00edthat\u00f3k vagy emelhet\u0151k) a mindennapi \u00e9letben nagyon sokoldal\u00fa pakol\u00e1si lehet\u0151s\u00e9get k\u00edn\u00e1ljanak \u2014 p\u00e9ld\u00e1ul hossz\u00fa t\u00e1rgyak, nagyobb csomagok vagy ak\u00e1r sporteszk\u00f6z\u00f6k sz\u00e1ll\u00edt\u00e1s\u00e1ra is.<\/p>\n<p>A Jazz legnagyobb m\u0171szaki \u00faj\u00edt\u00e1sa a Honda e:HEV hibrid hajt\u00e1sl\u00e1nc, amely egy 1,5 literes benzinmotorral \u00e9s k\u00e9t elektromos motorral dolgozik egy\u00fctt. Ez a rendszer nem plug-in hibrid \u2014 teh\u00e1t nem t\u00f6lthet\u0151 konnektorb\u00f3l \u2014, hanem saj\u00e1t mag\u00e1t t\u00f6lti menet k\u00f6zben, amikor az elektromos motor \u00e9s a bels\u0151 \u00e9g\u00e9s\u0171 motor egym\u00e1st v\u00e1ltogatva vagy egy\u00fctt dolgozik. A teljes\u00edtm\u00e9ny 107 l\u00f3er\u0151 k\u00f6r\u00fcl alakul, \u00e9s a rendszer elektromos ind\u00edt\u00e1st\u00f3l eg\u00e9szen orsz\u00e1g\u00fati sebess\u00e9gekig k\u00e9pes takar\u00e9kos \u00e9s csendes m\u0171k\u00f6d\u00e9st biztos\u00edtani. A v\u00e1rosi forgalomban az aut\u00f3 gyakran k\u00e9pes r\u00f6videbb szakaszokat teljesen elektromos \u00fczemm\u00f3dban is megtenni, ami jelent\u0151sen cs\u00f6kkentheti az \u00fczemanyag-fogyaszt\u00e1st.<\/p>\n","protected":false},"excerpt":{"rendered":"<p>A rendk\u00edv\u00fcli janu\u00e1ri fagyok nemcsak az utc\u00e1kat, hanem a h\u00e1ztart\u00e1sok p\u00e9nzt\u00e1rc\u00e1j\u00e1t is pr\u00f3b\u00e1ra tett\u00e9k. Az elm\u00falt hetekben soha nem l\u00e1tott m\u00e9rt\u00e9kben p\u00f6r\u00f6gtek fel a kaz\u00e1nok, a radi\u00e1torok \u00e9s a t\u00e1vf\u0171t\u00e9si rendszerek. A&#8230;<\/p>\n","protected":false},"author":1,"featured_media":9772,"comment_status":"open","ping_status":"open","sticky":false,"template":"","format":"standard","meta":{"footnotes":""},"categories":[2],"tags":[],"class_list":["post-9771","post","type-post","status-publish","format-standard","has-post-thumbnail","hentry","category-altalanos"],"aioseo_notices":[],"_links":{"self":[{"href":"https:\/\/online-filmkatarzis.com\/kucko\/wp-json\/wp\/v2\/posts\/9771","targetHints":{"allow":["GET"]}}],"collection":[{"href":"https:\/\/online-filmkatarzis.com\/kucko\/wp-json\/wp\/v2\/posts"}],"about":[{"href":"https:\/\/online-filmkatarzis.com\/kucko\/wp-json\/wp\/v2\/types\/post"}],"author":[{"embeddable":true,"href":"https:\/\/online-filmkatarzis.com\/kucko\/wp-json\/wp\/v2\/users\/1"}],"replies":[{"embeddable":true,"href":"https:\/\/online-filmkatarzis.com\/kucko\/wp-json\/wp\/v2\/comments?post=9771"}],"version-history":[{"count":2,"href":"https:\/\/online-filmkatarzis.com\/kucko\/wp-json\/wp\/v2\/posts\/9771\/revisions"}],"predecessor-version":[{"id":9774,"href":"https:\/\/online-filmkatarzis.com\/kucko\/wp-json\/wp\/v2\/posts\/9771\/revisions\/9774"}],"wp:featuredmedia":[{"embeddable":true,"href":"https:\/\/online-filmkatarzis.com\/kucko\/wp-json\/wp\/v2\/media\/9772"}],"wp:attachment":[{"href":"https:\/\/online-filmkatarzis.com\/kucko\/wp-json\/wp\/v2\/media?parent=9771"}],"wp:term":[{"taxonomy":"category","embeddable":true,"href":"https:\/\/online-filmkatarzis.com\/kucko\/wp-json\/wp\/v2\/categories?post=9771"},{"taxonomy":"post_tag","embeddable":true,"href":"https:\/\/online-filmkatarzis.com\/kucko\/wp-json\/wp\/v2\/tags?post=9771"}],"curies":[{"name":"wp","href":"https:\/\/api.w.org\/{rel}","templated":true}]}}