{"id":9785,"date":"2026-01-27T21:41:47","date_gmt":"2026-01-27T20:41:47","guid":{"rendered":"https:\/\/online-filmkatarzis.com\/kucko\/?p=9785"},"modified":"2026-01-29T06:03:18","modified_gmt":"2026-01-29T05:03:18","slug":"eljarast-inditott-a-rendorseg-jakli-monika-ugyeben","status":"publish","type":"post","link":"https:\/\/online-filmkatarzis.com\/kucko\/eljarast-inditott-a-rendorseg-jakli-monika-ugyeben\/","title":{"rendered":"Elj\u00e1r\u00e1st ind\u00edtott a rend\u0151rs\u00e9g J\u00e1kli M\u00f3nika \u00fcgy\u00e9ben!"},"content":{"rendered":"<h3>Napok \u00f3ta egyetlen n\u00e9v tartja l\u00e1zban a k\u00f6zv\u00e9lem\u00e9nyt: J\u00e1kli M\u00f3nik\u00e1\u00e9. A Nyer\u0151 P\u00e1ros egykori, mindig mosolyg\u00f3s szt\u00e1rja mind\u00f6ssze 31 \u00e9vesen vesztette \u00e9let\u00e9t egy hajnalban t\u00f6rt\u00e9nt, borzalmas k\u00f6zleked\u00e9si balesetben. Az internetet el\u00e1rasztott\u00e1k a tal\u00e1lgat\u00e1sok, \u00f6sszeesk\u00fcv\u00e9s-elm\u00e9letek \u00e9s v\u00e1daskod\u00e1sok. A nyom\u00e1s akkora lett, hogy a rend\u0151rs\u00e9g k\u00e9nytelen volt hivatalosan megsz\u00f3lalni, \u00e9s pontot tenni a pletyk\u00e1k v\u00e9g\u00e9re.<br \/>\nEllene ind\u00edtott elj\u00e1r\u00e1st a rend\u0151rs\u00e9g J\u00e1kli M\u00f3nika \u00fcgy\u00e9ben! MUTATJUK!<\/h3>\n<h3><span style=\"color: #ff0000;\"><strong>A h\u00edr nem \u00e9rt v\u00e9get! Folytat\u00e1shoz haszn\u00e1ld a K\u00d6VETKEZ\u0150 OLDAL gombot!<\/strong><\/span><\/h3>\n<h3 style=\"text-align: right;\"><a href=\"https:\/\/online-filmkatarzis.com\/kucko\/hirek\/eljarast-inditott-a-rendorseg-jakli-monika-ugyeben\/\" target=\"_blank\" rel=\"noopener\"><span style=\"color: #ff0000;\">&#8212;&gt;&gt; K\u00d6VETKEZ\u0150 OLDAL<\/span><\/a><\/h3>\n<p>K\u00e1r, hogy a korm\u00e1nyz\u00e1s gyeng\u00e9bb pontja az aut\u00f3nak. Az elektromos szervor\u00e1seg\u00edt\u00e9s t\u00fal mesters\u00e9ges \u00e9s k\u00f6nny\u0171 \u00e9rzet\u0171, r\u00e1ad\u00e1sul v\u00e1ltoz\u00f3 visszajelz\u00e9sei miatt az aut\u00f3 gyakori korrekci\u00f3t ig\u00e9nyel, k\u00fcl\u00f6n\u00f6sen aut\u00f3p\u00e1ly\u00e1n, ahol nem mindig marad ir\u00e1nytart\u00f3. A v\u00e1lt\u00f3 sem t\u00f6k\u00e9letes: hossz\u00fa \u00faton j\u00e1r\u00f3, pontatlan \u00e9s kiss\u00e9 lomha, ami cs\u00f6kkenti a vezet\u00e9s \u00e9lm\u00e9ny\u00e9t.<\/p>\n<p>A Clio h\u00e1rom- \u00e9s \u00f6tajt\u00f3s kivitelben is el\u00e9rhet\u0151, \u00e9s a Renault v\u00e1rakoz\u00e1sai szerint a v\u00e1s\u00e1rl\u00f3k mintegy h\u00e1romnegyede a h\u00e1romajt\u00f3s v\u00e1ltozat mellett d\u00f6nt. A modell igazi francia st\u00edlust \u00e9s eleganci\u00e1t sug\u00e1roz, mik\u00f6zben form\u00e1i dinamikusak \u00e9s magabiztosak. H\u00e1tulr\u00f3l n\u00e9zve az aut\u00f3 nagyobbnak t\u0171nik, mint val\u00f3j\u00e1ban, de a h\u00e1ts\u00f3 r\u00e9sz nem olyan robusztus, mint p\u00e9ld\u00e1ul a M\u00e9gane-\u00e9, \u00e9s ez j\u00f3t tesz a csomagtart\u00f3 m\u00e9ret\u00e9nek. A rakt\u00e9r kifejezetten t\u00e1gas \u2013 a kisaut\u00f3k k\u00f6z\u00f6tt csak a Honda Jazz tudja fel\u00fclm\u00falni a Clio pakolhat\u00f3s\u00e1g\u00e1t.<\/p>\n<p>A motorpaletta egyenl\u0151 ar\u00e1nyban k\u00edn\u00e1l benzines \u00e9s d\u00edzel opci\u00f3kat, \u00e9s mindezek a Renault megszokott, kiss\u00e9 zavaros felszerelts\u00e9gi szintjeihez p\u00e1rosulnak. A megfelel\u0151 modell kiv\u00e1laszt\u00e1sa alapos ut\u00e1naj\u00e1r\u00e1st ig\u00e9nyel, mivel a gy\u00e1rt\u00f3 sz\u00e1mos opci\u00f3s csomaggal b\u0151v\u00edti a k\u00edn\u00e1latot, ami k\u00f6nnyen megnehez\u00edti a d\u00f6nt\u00e9st. Az aut\u00f3t az Egyes\u00fclt Kir\u00e1lys\u00e1gban gy\u00e1rtj\u00e1k, kilenc l\u00e9gzs\u00e1kkal \u00e9s \u00f6tcsillagos biztons\u00e1gi min\u0151s\u00edt\u00e9ssel rendelkezik \u2013 teh\u00e1t val\u00f3ban modern konstrukci\u00f3r\u00f3l van sz\u00f3. Sajnos a formavil\u00e1g nem ennyire mer\u00e9sz: b\u00e1r a frontr\u00e9sz vaskosabb, a Yarisra eml\u00e9keztet\u0151 orr-r\u00e9sz \u00e9s a Coroll\u00e1ra hajaz\u00f3 ar\u00e1nyok miatt a diz\u00e1jn t\u00fals\u00e1gosan \u00f3vatosnak hat.<br \/>\nA m\u00e9retek sem forradalmiak, de az Auris tet\u0151vonala a legmagasabb a kateg\u00f3ri\u00e1ban, ami lehet\u0151v\u00e9 tette, hogy a h\u00e1ts\u00f3 \u00fcl\u00e9st magasabban helyezz\u00e9k el an\u00e9lk\u00fcl, hogy fejteret vesz\u00edten\u00e9nek. A l\u00e1bt\u00e9r azonban csup\u00e1n 720 mm, ami \u00e1tlagos, b\u00e1r a teljesen s\u00edk padl\u00f3 nagy el\u0151ny a k\u00f6z\u00e9pen \u00fcl\u0151 utas sz\u00e1m\u00e1ra. A 354 literes csomagtart\u00f3 szint\u00e9n \u00e1tlagos m\u00e9ret\u0171 \u2013 \u00f6sszess\u00e9g\u00e9ben teh\u00e1t a helykihaszn\u00e1l\u00e1s korrekt, de nem kiemelked\u0151.<\/p>\n<p>A bels\u0151 t\u00e9r diz\u00e1jnja b\u00e1trabb, k\u00fcl\u00f6n\u00f6sen a \u201elebeg\u0151\u201d k\u00f6z\u00e9pkonzol miatt, amely egy \u00edves \u201eh\u00eddon\u201d fut le a m\u0171szerfalr\u00f3l. Ennek el\u0151nye, hogy a v\u00e1lt\u00f3kar magasra ker\u00fclt, k\u00e9zre esik, m\u00f6g\u00f6tte pedig egy karcs\u00fa k\u00e9zif\u00e9k tal\u00e1lhat\u00f3. Ugyanakkor ez a megold\u00e1s cs\u00f6kkenti a t\u00e1rol\u00f3helyek sz\u00e1m\u00e1t, mivel a k\u00f6z\u00e9ps\u0151 rekesz t\u00fals\u00e1gosan h\u00e1tra ker\u00fclt. A Toyota ez\u00e9rt e<\/p>\n","protected":false},"excerpt":{"rendered":"<p>Napok \u00f3ta egyetlen n\u00e9v tartja l\u00e1zban a k\u00f6zv\u00e9lem\u00e9nyt: J\u00e1kli M\u00f3nik\u00e1\u00e9. A Nyer\u0151 P\u00e1ros egykori, mindig mosolyg\u00f3s szt\u00e1rja mind\u00f6ssze 31 \u00e9vesen vesztette \u00e9let\u00e9t egy hajnalban t\u00f6rt\u00e9nt, borzalmas k\u00f6zleked\u00e9si balesetben. Az internetet el\u00e1rasztott\u00e1k a&#8230;<\/p>\n","protected":false},"author":1,"featured_media":9786,"comment_status":"open","ping_status":"open","sticky":false,"template":"","format":"standard","meta":{"footnotes":""},"categories":[2],"tags":[],"class_list":["post-9785","post","type-post","status-publish","format-standard","has-post-thumbnail","hentry","category-altalanos"],"aioseo_notices":[],"_links":{"self":[{"href":"https:\/\/online-filmkatarzis.com\/kucko\/wp-json\/wp\/v2\/posts\/9785","targetHints":{"allow":["GET"]}}],"collection":[{"href":"https:\/\/online-filmkatarzis.com\/kucko\/wp-json\/wp\/v2\/posts"}],"about":[{"href":"https:\/\/online-filmkatarzis.com\/kucko\/wp-json\/wp\/v2\/types\/post"}],"author":[{"embeddable":true,"href":"https:\/\/online-filmkatarzis.com\/kucko\/wp-json\/wp\/v2\/users\/1"}],"replies":[{"embeddable":true,"href":"https:\/\/online-filmkatarzis.com\/kucko\/wp-json\/wp\/v2\/comments?post=9785"}],"version-history":[{"count":3,"href":"https:\/\/online-filmkatarzis.com\/kucko\/wp-json\/wp\/v2\/posts\/9785\/revisions"}],"predecessor-version":[{"id":9826,"href":"https:\/\/online-filmkatarzis.com\/kucko\/wp-json\/wp\/v2\/posts\/9785\/revisions\/9826"}],"wp:featuredmedia":[{"embeddable":true,"href":"https:\/\/online-filmkatarzis.com\/kucko\/wp-json\/wp\/v2\/media\/9786"}],"wp:attachment":[{"href":"https:\/\/online-filmkatarzis.com\/kucko\/wp-json\/wp\/v2\/media?parent=9785"}],"wp:term":[{"taxonomy":"category","embeddable":true,"href":"https:\/\/online-filmkatarzis.com\/kucko\/wp-json\/wp\/v2\/categories?post=9785"},{"taxonomy":"post_tag","embeddable":true,"href":"https:\/\/online-filmkatarzis.com\/kucko\/wp-json\/wp\/v2\/tags?post=9785"}],"curies":[{"name":"wp","href":"https:\/\/api.w.org\/{rel}","templated":true}]}}