{"id":9808,"date":"2026-01-28T16:58:55","date_gmt":"2026-01-28T15:58:55","guid":{"rendered":"https:\/\/online-filmkatarzis.com\/kucko\/?p=9808"},"modified":"2026-02-07T16:58:36","modified_gmt":"2026-02-07T15:58:36","slug":"gyasz-bodrogi-gyula-is-elbucsuzott-a-hajnali-orakban","status":"publish","type":"post","link":"https:\/\/online-filmkatarzis.com\/kucko\/gyasz-bodrogi-gyula-is-elbucsuzott-a-hajnali-orakban\/","title":{"rendered":"Gy\u00e1sz: Bodrogi Gyula is elb\u00facs\u00fazott a hajnali \u00f3r\u00e1kban"},"content":{"rendered":"<h3>A hajnali \u00f3r\u00e1kban szokatlan csend telepedett a magyar sz\u00ednh\u00e1zi \u00e9letre. Egy korszak ikonikus alakja, aki hossz\u00fa \u00e9vtizedeken \u00e1t volt jelen a sz\u00ednpadon, a filmv\u00e1sznon \u00e9s a n\u00e9z\u0151k sz\u00edv\u00e9ben, most v\u00e9g\u00e9rv\u00e9nyesen b\u00facs\u00fat intett valaminek.<br \/>\nBodrogi Gyula neve \u00f6sszeforrt a magyar kult\u00far\u00e1val: Kossuth-d\u00edjas m\u0171v\u00e9sz, a Nemzet Sz\u00edn\u00e9sze, egy eg\u00e9sz orsz\u00e1g \u201eGyula b\u00e1csija\u201d. Az id\u0151 azonban k\u00e9rlelhetetlen \u2014 a kor, amelyet meg\u00e9lt, m\u00e1r \u00f6nmag\u00e1ban is figyelmeztet\u0151.<br \/>\nA hajnali \u00f3r\u00e1kban t\u00f6rt\u00e9nt esem\u00e9nyek sokakban azonnal a legrosszabb f\u00e9lelmeket \u00e9bresztett\u00e9k fel.<br \/>\nMUTATJUK A R\u00c9SZLETEKETET!<\/h3>\n<h3><span style=\"color: #ff0000;\"><strong>A h\u00edr nem \u00e9rt v\u00e9get! Folytat\u00e1shoz haszn\u00e1ld a K\u00d6VETKEZ\u0150 OLDAL gombot!<\/strong><\/span><\/h3>\n<h3 style=\"text-align: right;\"><a href=\"https:\/\/online-filmkatarzis.com\/kucko\/hirek\/gyasz-bodrogi-gyula-is-elbucsuzott-a-hajnali-orakban\/\" target=\"_blank\" rel=\"noopener\"><span style=\"color: #ff0000;\">&#8212;&gt;&gt; K\u00d6VETKEZ\u0150 OLDAL<\/span><\/a><\/h3>\n<p>A felszerelts\u00e9g tekintet\u00e9ben minden ZR-V alapb\u00f3l el\u00e9g gener\u00f3zus: m\u00e1r a bel\u00e9p\u0151 Elegance szint is 18-colos k\u00f6nny\u0171f\u00e9m felniket, els\u0151-h\u00e1ts\u00f3 parkol\u00f3szenzorokat, tolat\u00f3kamer\u00e1t \u00e9s a Honda Sensing biztons\u00e1gi csomagot tartalmaz. A k\u00f6z\u00e9ps\u0151 Sport trim p\u00e9ld\u00e1ul vezet\u00e9k n\u00e9lk\u00fcli telefon-t\u00f6lt\u00e9st, t\u00f6bb USB-portot \u00e9s elektromos csomagt\u00e9rajt\u00f3t ad, m\u00edg a cs\u00facs Advance v\u00e1ltozat perfor\u00e1lt b\u0151rt, panor\u00e1ma napf\u00e9nytet\u0151t, Bose hangrendszert \u00e9s head-up kijelz\u0151t is tartalmaz.<\/p>\n<p>Praktikum szempontj\u00e1b\u00f3l a ZR-V beltere nagyon t\u00e1gas, k\u00fcl\u00f6n\u00f6sen a h\u00e1ts\u00f3 l\u00e1bt\u00e9r \u00e9s az utasok sz\u00e1m\u00e1ra k\u00edn\u00e1lt t\u00e9r dics\u00e9rhet\u0151, m\u00e9g a segment\u00e1lis riv\u00e1lisokn\u00e1l is kiemelked\u0151. A csomagt\u00e9r viszont kicsit kisebb a m\u00e9di\u00e1ban gyakran eml\u00edtett kompakt crossoverekn\u00e9l, kb. 380 literrel, ami nagyobb, mint a kisebb HR-V-n\u00e9l, de kevesebb, mint egyes riv\u00e1lis modellek csomagtere. A h\u00e1ts\u00f3 \u00fcl\u00e9sek lehajt\u00e1s\u00e1val a t\u00e9r ak\u00e1r 1300 liter f\u00f6l\u00e9 is n\u00f6velhet\u0151, ami j\u00f3 rugalmass\u00e1got biztos\u00edt h\u00e9tv\u00e9gi kiruccan\u00e1sokhoz.<\/p>\n<p>A menetdinamika \u00edr\u00e1s szerint kiegyens\u00falyozott \u00e9s k\u00e9nyelmes: a ZR-V nem sportaut\u00f3, hanem ink\u00e1bb biztons\u00e1gosan kisz\u00e1m\u00edthat\u00f3, stabilan viselked\u0151 csal\u00e1di SUV, amely k\u00fcl\u00f6n\u00f6sen aut\u00f3p\u00e1ly\u00e1n \u00e9rezhet\u0151en nyugodtan halad \u00e9s stabil. V\u00e1rosi k\u00f6zleked\u00e9sben a vezethet\u0151s\u00e9g k\u00f6nny\u0171, a korm\u00e1nyz\u00e1s pontos, \u00e9s a motor-vez\u00e9rl\u00e9s sim\u00e1n reag\u00e1l, b\u00e1r kisebb \u00fathib\u00e1kon a rug\u00f3z\u00e1s kicsit \u201ebizonytalanabbnak\u201d \u00e9rz\u0151dhet az idealiz\u00e1ltn\u00e1l. A f\u00e9k-energia visszanyer\u00e9s\u00e9nek be\u00e1ll\u00edt\u00e1sa a korm\u00e1ny m\u00f6g\u00f6tti f\u00fclekkel t\u00f6rt\u00e9nik, de ez sajnos akkor is vissza\u00e1ll az alapbe\u00e1ll\u00edt\u00e1sra, amikor nem szeretn\u00e9d azt megtartani.<\/p>\n<p>Fogyaszt\u00e1s \u00e9s fenntart\u00e1si szempontb\u00f3l a ZR-V meglehet\u0151sen hat\u00e9kony, a gy\u00e1ri WLTP-sz\u00e1mok kb. 58,9 mpg k\u00f6r\u00fcl adnak \u00e1tlagot (ami a brit m\u00e9rt\u00e9kegys\u00e9g\u00adsz\u00e1mot jelenti), \u00e9s a val\u00f3s teszteredm\u00e9nyek is kb. 45-50 mpg k\u00f6r\u00fcl teljes\u00edtettek \u2013 ami j\u00f3nak sz\u00e1m\u00edt egy k\u00f6zepes SUV-t\u00f3l, m\u00e9g akkor is, ha nem \u00e9ri el egy kisebb hibrid modell fogyaszt\u00e1s\u00e1t. Viszont a ZR-V CO\u2082-kibocs\u00e1t\u00e1sa \u00e9s a Benefit-in-Kind (BiK) ad\u00f3terhel\u00e9se magasabb lehet a hibrid riv\u00e1lisokhoz k\u00e9pest, ez\u00e9rt c\u00e9ges aut\u00f3k eset\u00e9n nem felt\u00e9tlen\u00fcl a legkedvez\u0151bb v\u00e1laszt\u00e1s.<\/p>\n","protected":false},"excerpt":{"rendered":"<p>A hajnali \u00f3r\u00e1kban szokatlan csend telepedett a magyar sz\u00ednh\u00e1zi \u00e9letre. Egy korszak ikonikus alakja, aki hossz\u00fa \u00e9vtizedeken \u00e1t volt jelen a sz\u00ednpadon, a filmv\u00e1sznon \u00e9s a n\u00e9z\u0151k sz\u00edv\u00e9ben, most v\u00e9g\u00e9rv\u00e9nyesen b\u00facs\u00fat intett&#8230;<\/p>\n","protected":false},"author":1,"featured_media":9809,"comment_status":"open","ping_status":"open","sticky":false,"template":"","format":"standard","meta":{"footnotes":""},"categories":[2],"tags":[],"class_list":["post-9808","post","type-post","status-publish","format-standard","has-post-thumbnail","hentry","category-altalanos"],"aioseo_notices":[],"_links":{"self":[{"href":"https:\/\/online-filmkatarzis.com\/kucko\/wp-json\/wp\/v2\/posts\/9808","targetHints":{"allow":["GET"]}}],"collection":[{"href":"https:\/\/online-filmkatarzis.com\/kucko\/wp-json\/wp\/v2\/posts"}],"about":[{"href":"https:\/\/online-filmkatarzis.com\/kucko\/wp-json\/wp\/v2\/types\/post"}],"author":[{"embeddable":true,"href":"https:\/\/online-filmkatarzis.com\/kucko\/wp-json\/wp\/v2\/users\/1"}],"replies":[{"embeddable":true,"href":"https:\/\/online-filmkatarzis.com\/kucko\/wp-json\/wp\/v2\/comments?post=9808"}],"version-history":[{"count":3,"href":"https:\/\/online-filmkatarzis.com\/kucko\/wp-json\/wp\/v2\/posts\/9808\/revisions"}],"predecessor-version":[{"id":10003,"href":"https:\/\/online-filmkatarzis.com\/kucko\/wp-json\/wp\/v2\/posts\/9808\/revisions\/10003"}],"wp:featuredmedia":[{"embeddable":true,"href":"https:\/\/online-filmkatarzis.com\/kucko\/wp-json\/wp\/v2\/media\/9809"}],"wp:attachment":[{"href":"https:\/\/online-filmkatarzis.com\/kucko\/wp-json\/wp\/v2\/media?parent=9808"}],"wp:term":[{"taxonomy":"category","embeddable":true,"href":"https:\/\/online-filmkatarzis.com\/kucko\/wp-json\/wp\/v2\/categories?post=9808"},{"taxonomy":"post_tag","embeddable":true,"href":"https:\/\/online-filmkatarzis.com\/kucko\/wp-json\/wp\/v2\/tags?post=9808"}],"curies":[{"name":"wp","href":"https:\/\/api.w.org\/{rel}","templated":true}]}}