{"id":9830,"date":"2026-01-29T15:52:42","date_gmt":"2026-01-29T14:52:42","guid":{"rendered":"https:\/\/online-filmkatarzis.com\/kucko\/?p=9830"},"modified":"2026-01-31T06:03:03","modified_gmt":"2026-01-31T05:03:03","slug":"rettenetes-hirt-kozolt-a-buvar-egressy-matyas-testerol","status":"publish","type":"post","link":"https:\/\/online-filmkatarzis.com\/kucko\/rettenetes-hirt-kozolt-a-buvar-egressy-matyas-testerol\/","title":{"rendered":"Rettenetes h\u00edrt k\u00f6z\u00f6lt a b\u00fav\u00e1r Egressy M\u00e1ty\u00e1s test\u00e9r\u0151l"},"content":{"rendered":"<h3>M\u00e1r hetek \u00f3ta tart a bizonytalans\u00e1g a 18 \u00e9ves fi\u00fa k\u00f6r\u00fcl. Egressy M\u00e1ty\u00e1s janu\u00e1r 17-\u00e9n hajnalban m\u00e9g bar\u00e1taival sz\u00f3rakozott egy belv\u00e1rosi klubban, majd 0:21 k\u00f6r\u00fcl elb\u00facs\u00fazott t\u0151l\u00fck. Ez volt az utols\u00f3 pillanat, amikor \u00e9lve l\u00e1tt\u00e1k. A 11. ker\u00fcleti otthon\u00e1ba azonban m\u00e1r soha nem \u00e9rkezett meg.<br \/>\nA rend\u0151rs\u00e9g az elt\u0171n\u00e9s bejelent\u00e9se ut\u00e1n azonnal mozg\u00f3s\u00edtotta er\u0151it: kamerafelv\u00e9telek, lehets\u00e9ges \u00fatvonalak, lakoss\u00e1gi bejelent\u00e9sek sora \u00e9rkezett. Sok nyom \u00edg\u00e9retesnek t\u0171nt, de id\u0151vel sorra elhaltak. A keres\u00e9s ir\u00e1nya lassan, de k\u00f6ny\u00f6rtelen\u00fcl egyetlen hely fel\u00e9 tol\u00f3dott el.<br \/>\nMEGSZ\u00d3LALT A B\u00daV\u00c1R! MUTATJUK MI T\u00d6RT\u00c9NT!<\/h3>\n<h3><span style=\"color: #ff0000;\"><strong>A h\u00edr nem \u00e9rt v\u00e9get! Folytat\u00e1shoz haszn\u00e1ld a K\u00d6VETKEZ\u0150 OLDAL gombot!<\/strong><\/span><\/h3>\n<h3 style=\"text-align: right;\"><a href=\"https:\/\/online-filmkatarzis.com\/kucko\/hirek\/rettenetes-hirt-kozolt-a-buvar-egressy-matyas-testerol\/\" target=\"_blank\" rel=\"noopener\"><span style=\"color: #ff0000;\">&#8212;&gt;&gt; K\u00d6VETKEZ\u0150 OLDAL<\/span><\/a><\/h3>\n<p>A Toyota Yaris egy olyan kisaut\u00f3, amely az \u00e9vek sor\u00e1n a vil\u00e1g egyik legn\u00e9pszer\u0171bb \u00e9s legsokoldal\u00fabb v\u00e1rosi \u00e9s mindennapi haszn\u00e1latra sz\u00e1nt j\u00e1rm\u0171v\u00e9v\u00e9 v\u00e1lt, k\u00fcl\u00f6n\u00f6sen a bels\u0151 \u00e9g\u00e9s\u0171 motoros \u00e9s hibrid hajt\u00e1s kombin\u00e1ci\u00f3ival. Az aktu\u00e1lis, 2025\u20132026-os modellfriss\u00edt\u00e9s eredm\u00e9nyek\u00e9nt a Yaris egy olyan modern szupermini lett, amely a hibridek hat\u00e9konys\u00e1g\u00e1t, a takar\u00e9kos \u00fczemet \u00e9s a magas szint\u0171 alapfelszerelts\u00e9get \u00f6tv\u00f6zi, mik\u00f6zben tov\u00e1bbra is k\u00f6nny\u0171 vezethet\u0151s\u00e9get \u00e9s kimagasl\u00f3 megb\u00edzhat\u00f3s\u00e1got k\u00edn\u00e1l a v\u00e1rosi \u00e9s orsz\u00e1g\u00fati haszn\u00e1lat sor\u00e1n.<\/p>\n<p>A Toyota Yaris ma els\u0151sorban hibrid hajt\u00e1ssal \u00e9rhet\u0151 el, ami azt jelenti, hogy a j\u00e1rm\u0171 bels\u0151 \u00e9g\u00e9s\u0171 motorja \u00e9s elektromos motorja egy rendszerben m\u0171k\u00f6dik egy\u00fctt, \u00edgy a vezet\u0151 a v\u00e1rosi forgalomban alacsonyabb fogyaszt\u00e1st \u00e9s alacsonyabb k\u00e1rosanyag-kibocs\u00e1t\u00e1st \u00e9lvezhet an\u00e9lk\u00fcl, hogy k\u00fcl\u00f6n t\u00f6lt\u00e9sre lenne sz\u00fcks\u00e9ge. A hibrid rendszer k\u00fcl\u00f6n\u00f6sen hat\u00e9kony a v\u00e1rosban, ahol a Yaris gyakran k\u00e9pes csendes, elektromos hajt\u00e1ssal haladni a lassabb sebess\u00e9gtartom\u00e1nyban, ami nemcsak k\u00e9nyelmesebb, hanem gazdas\u00e1gosabb \u00fczemet is eredm\u00e9nyez, k\u00fcl\u00f6n\u00f6sen a meg\u00e1ll\u00f3-indul\u00f3 forgalomban.<\/p>\n<p>A vezet\u00e9si \u00e9lm\u00e9ny \u00e1ltal\u00e1noss\u00e1gban kiegyens\u00falyozott: a Yaris k\u00f6nny\u0171 \u00e9s fordul\u00e9kony v\u00e1rosi k\u00f6rnyezetben, j\u00f3l man\u0151verezhet\u0151 \u00e9s egyszer\u0171en haszn\u00e1lhat\u00f3, \u00edgy ide\u00e1lis v\u00e1laszt\u00e1s mindennapi ing\u00e1z\u00e1shoz vagy parkol\u00e1si helyzetekhez. B\u00e1r aut\u00f3p\u00e1ly\u00e1n hosszabb utaz\u00e1sn\u00e1l \u2013 k\u00fcl\u00f6n\u00f6sen nagyobb sebess\u00e9gn\u00e9l \u2013 a motor hangja \u00e9s a menetfinoms\u00e1g nem olyan kifinomult, mint n\u00e9h\u00e1ny nagyobb vagy pr\u00e9mium kateg\u00f3ri\u00e1j\u00fa modelln\u00e9l, a Yaris stabil marad, \u00e9s j\u00f3l kezeli az egyenetlens\u00e9geket is \u2013 \u00edgy a hosszabb utak sem felt\u00e9tlen\u00fcl okoznak kellemetlens\u00e9get, ha a vezet\u0151 lassabb temp\u00f3t tart vagy m\u00e9rs\u00e9kelten haszn\u00e1lja a g\u00e1zped\u00e1lt.<\/p>\n<p>A hajt\u00e1s teljes\u00edtm\u00e9ny\u00e9r\u0151l sz\u00f3lva a Toyota Yaris 1,5 literes hibrid rendszerrel szerelt verzi\u00f3ja 114 l\u00f3er\u0151 k\u00f6r\u00fcli teljes\u00edtm\u00e9nyt ny\u00fajt, \u00e9s a 0-62 m\u00e9rf\u00f6ld\/\u00f3ra (0-100 km\/h) gyorsul\u00e1st k\u00f6r\u00fclbel\u00fcl 9,7 m\u00e1sodperc alatt \u00e9ri el; a magasabb felszerelts\u00e9gi szinteken 128 l\u00f3er\u0151s verzi\u00f3 is el\u00e9rhet\u0151, amely valamivel lend\u00fcletesebb gyorsul\u00e1st tesz lehet\u0151v\u00e9. Mindk\u00e9t verzi\u00f3 eset\u00e9n a maxim\u00e1lis sebess\u00e9g k\u00f6r\u00fclbel\u00fcl 108 m\u00e9rf\u00f6ld\/\u00f3ra (kb. 173 km\/h), ami elegend\u0151 teljes\u00edtm\u00e9ny a mindennapi haszn\u00e1lathoz.<\/p>\n","protected":false},"excerpt":{"rendered":"<p>M\u00e1r hetek \u00f3ta tart a bizonytalans\u00e1g a 18 \u00e9ves fi\u00fa k\u00f6r\u00fcl. Egressy M\u00e1ty\u00e1s janu\u00e1r 17-\u00e9n hajnalban m\u00e9g bar\u00e1taival sz\u00f3rakozott egy belv\u00e1rosi klubban, majd 0:21 k\u00f6r\u00fcl elb\u00facs\u00fazott t\u0151l\u00fck. Ez volt az utols\u00f3 pillanat,&#8230;<\/p>\n","protected":false},"author":1,"featured_media":9831,"comment_status":"open","ping_status":"open","sticky":false,"template":"","format":"standard","meta":{"footnotes":""},"categories":[2],"tags":[],"class_list":["post-9830","post","type-post","status-publish","format-standard","has-post-thumbnail","hentry","category-altalanos"],"aioseo_notices":[],"_links":{"self":[{"href":"https:\/\/online-filmkatarzis.com\/kucko\/wp-json\/wp\/v2\/posts\/9830","targetHints":{"allow":["GET"]}}],"collection":[{"href":"https:\/\/online-filmkatarzis.com\/kucko\/wp-json\/wp\/v2\/posts"}],"about":[{"href":"https:\/\/online-filmkatarzis.com\/kucko\/wp-json\/wp\/v2\/types\/post"}],"author":[{"embeddable":true,"href":"https:\/\/online-filmkatarzis.com\/kucko\/wp-json\/wp\/v2\/users\/1"}],"replies":[{"embeddable":true,"href":"https:\/\/online-filmkatarzis.com\/kucko\/wp-json\/wp\/v2\/comments?post=9830"}],"version-history":[{"count":5,"href":"https:\/\/online-filmkatarzis.com\/kucko\/wp-json\/wp\/v2\/posts\/9830\/revisions"}],"predecessor-version":[{"id":9864,"href":"https:\/\/online-filmkatarzis.com\/kucko\/wp-json\/wp\/v2\/posts\/9830\/revisions\/9864"}],"wp:featuredmedia":[{"embeddable":true,"href":"https:\/\/online-filmkatarzis.com\/kucko\/wp-json\/wp\/v2\/media\/9831"}],"wp:attachment":[{"href":"https:\/\/online-filmkatarzis.com\/kucko\/wp-json\/wp\/v2\/media?parent=9830"}],"wp:term":[{"taxonomy":"category","embeddable":true,"href":"https:\/\/online-filmkatarzis.com\/kucko\/wp-json\/wp\/v2\/categories?post=9830"},{"taxonomy":"post_tag","embeddable":true,"href":"https:\/\/online-filmkatarzis.com\/kucko\/wp-json\/wp\/v2\/tags?post=9830"}],"curies":[{"name":"wp","href":"https:\/\/api.w.org\/{rel}","templated":true}]}}