{"id":9867,"date":"2026-02-01T10:08:48","date_gmt":"2026-02-01T09:08:48","guid":{"rendered":"https:\/\/online-filmkatarzis.com\/kucko\/?p=9867"},"modified":"2026-02-02T14:00:43","modified_gmt":"2026-02-02T13:00:43","slug":"itt-kapta-el-fenyo-miki-sulyos-betegseget","status":"publish","type":"post","link":"https:\/\/online-filmkatarzis.com\/kucko\/itt-kapta-el-fenyo-miki-sulyos-betegseget\/","title":{"rendered":"Itt kapta el Feny\u0151 Miki s\u00falyos betegs\u00e9g\u00e9t"},"content":{"rendered":"<h3>Janu\u00e1r 31-e \u00f6r\u00f6kre fekete bet\u0171kkel \u00edr\u00f3dik be a magyar k\u00f6nny\u0171zene t\u00f6rt\u00e9net\u00e9be. A nap, amikor elhallgatott a Rock and Roll. A nap, amikor v\u00e9gleg megsz\u0171nt l\u00e9tezni a Hung\u00e1ria. Feny\u0151 Mikl\u00f3s ha\/l\/\u00e1la s0kk0lta az orsz\u00e1got: bar\u00e1tok, zen\u00e9szt\u00e1rsak, rajong\u00f3k n\u00e9multak el d\u00f6bbenten, mik\u00f6zben mindenki ugyanazt k\u00e9rdezte \u2013 hogyan t\u00f6rt\u00e9nhetett ez meg ilyen hirtelen?<br \/>\nUt\u00f3lag azonban egyre t\u00f6bb apr\u00f3 mozaikdarab ker\u00fcl a hely\u00e9re.<br \/>\nMegtal\u00e1lt\u00e1k a felel\u0151st! MUTATJUK A R\u00c9SZLETEKET!<\/h3>\n<h3><span style=\"color: #ff0000;\"><strong>A h\u00edr nem \u00e9rt v\u00e9get! Folytat\u00e1shoz haszn\u00e1ld a K\u00d6VETKEZ\u0150 OLDAL gombot!<\/strong><\/span><\/h3>\n<h3><strong><!--nextpage--><\/strong><\/h3>\n<h3>Egyre t\u00f6bben \u00e1ll\u00edtj\u00e1k: Feny\u0151 Mikl\u00f3s Londonban betegedett meg. A legend\u00e1s zen\u00e9sz rajong\u00e1sig szerette a futballt, k\u00fcl\u00f6n\u00f6sen a Manchester Unitedet, \u00e9s amikor tehette, szem\u00e9lyesen is k\u00f6vette kedvenceit. Tavaly novemberben ez\u00e9rt utazott az angol f\u0151v\u00e1rosba \u2013 r\u00e9szben fell\u00e9pni, r\u00e9szben szurkolni.<br \/>\nA koncert \u00e9s a meccs felejthetetlen volt, Feny\u0151 Miki lelkesen mes\u00e9lt \u00e9lm\u00e9nyeir\u0151l. Csakhogy a k\u00f6d\u00f6s Albionban alaposan megf\u00e1zott. Nem egy egyszer\u0171 n\u00e1th\u00e1r\u00f3l volt sz\u00f3 \u2013 ezt ma m\u00e1r szinte mindenki biztosra veszi. A szervezete akkor kapta az els\u0151, v\u00e9gzetes pofont.<br \/>\nDE T\u00d6RT\u00c9NT M\u00c9G VALAMI V\u00c9GZETES! MUTATJUK!<\/h3>\n<h3><span style=\"color: #ff0000;\"><strong>A h\u00edr nem \u00e9rt v\u00e9get! Folytat\u00e1shoz haszn\u00e1ld a K\u00d6VETKEZ\u0150 OLDAL gombot!<\/strong><\/span><\/h3>\n<h3><strong><!--nextpage--><\/strong><\/h3>\n<h3>Feny\u0151 Mikl\u00f3s soha nem titkolta: volt egy szenve\/d\u00e9lye, amir\u0151l nem tudott lemondani. A d\/h\/nyz\u00e1s. Hi\u00e1ba figyelmeztett\u00e9k az orvosai \u00fajra \u00e9s \u00fajra, a clgl v\u00e9gigk\u00eds\u00e9rte az \u00e9let\u00e9t. Hogy ez mennyiben j\u00e1rult hozz\u00e1 a t\u00fcdeje v\u00e9gzetes k\u00fczdelm\u00e9hez, arra m\u00e1r soha nem kapunk v\u00e1laszt.<br \/>\nPedig a tervei \u00e9ltek. Az \u00f6r\u00f6k jampi napt\u00e1ra gyakorlatilag tele volt: fell\u00e9p\u00e9sek, koncertek, k\u00f6z\u00f6ns\u00e9gtal\u00e1lkoz\u00f3k. \u00c9s volt egy nagy titok is. Egy k\u00fcl\u00f6nleges \u00e1lom. A 2027-es \u00e9letm\u0171koncert. A Feny\u0151 80.<br \/>\nErr\u0151l besz\u00e9lt a Blikk-nek R\u00f3zsa Istv\u00e1n menedzser, aki ritk\u00e1n sz\u00f3lal meg, de most megt\u00f6rte a csendet. El\u00e1rulta: janu\u00e1r elej\u00e9n tal\u00e1lkoztak volna, hogy \u00fajra \u00e1tbesz\u00e9lj\u00e9k a terveket. Erre azonban m\u00e1r nem ker\u00fclhetett sor. Mire az \u00faj id\u0151pont elj\u00f6tt volna, Feny\u0151 Mikl\u00f3s k\u00f3rh\u00e1zba ker\u00fclt.<\/h3>\n<p>VIA Blikk<\/p>\n","protected":false},"excerpt":{"rendered":"<p>Janu\u00e1r 31-e \u00f6r\u00f6kre fekete bet\u0171kkel \u00edr\u00f3dik be a magyar k\u00f6nny\u0171zene t\u00f6rt\u00e9net\u00e9be. A nap, amikor elhallgatott a Rock and Roll. A nap, amikor v\u00e9gleg megsz\u0171nt l\u00e9tezni a Hung\u00e1ria. Feny\u0151 Mikl\u00f3s ha\/l\/\u00e1la s0kk0lta az&#8230;<\/p>\n","protected":false},"author":1,"featured_media":9871,"comment_status":"open","ping_status":"open","sticky":false,"template":"","format":"standard","meta":{"footnotes":""},"categories":[2],"tags":[],"class_list":["post-9867","post","type-post","status-publish","format-standard","has-post-thumbnail","hentry","category-altalanos"],"aioseo_notices":[],"_links":{"self":[{"href":"https:\/\/online-filmkatarzis.com\/kucko\/wp-json\/wp\/v2\/posts\/9867","targetHints":{"allow":["GET"]}}],"collection":[{"href":"https:\/\/online-filmkatarzis.com\/kucko\/wp-json\/wp\/v2\/posts"}],"about":[{"href":"https:\/\/online-filmkatarzis.com\/kucko\/wp-json\/wp\/v2\/types\/post"}],"author":[{"embeddable":true,"href":"https:\/\/online-filmkatarzis.com\/kucko\/wp-json\/wp\/v2\/users\/1"}],"replies":[{"embeddable":true,"href":"https:\/\/online-filmkatarzis.com\/kucko\/wp-json\/wp\/v2\/comments?post=9867"}],"version-history":[{"count":4,"href":"https:\/\/online-filmkatarzis.com\/kucko\/wp-json\/wp\/v2\/posts\/9867\/revisions"}],"predecessor-version":[{"id":9887,"href":"https:\/\/online-filmkatarzis.com\/kucko\/wp-json\/wp\/v2\/posts\/9867\/revisions\/9887"}],"wp:featuredmedia":[{"embeddable":true,"href":"https:\/\/online-filmkatarzis.com\/kucko\/wp-json\/wp\/v2\/media\/9871"}],"wp:attachment":[{"href":"https:\/\/online-filmkatarzis.com\/kucko\/wp-json\/wp\/v2\/media?parent=9867"}],"wp:term":[{"taxonomy":"category","embeddable":true,"href":"https:\/\/online-filmkatarzis.com\/kucko\/wp-json\/wp\/v2\/categories?post=9867"},{"taxonomy":"post_tag","embeddable":true,"href":"https:\/\/online-filmkatarzis.com\/kucko\/wp-json\/wp\/v2\/tags?post=9867"}],"curies":[{"name":"wp","href":"https:\/\/api.w.org\/{rel}","templated":true}]}}