{"id":9927,"date":"2026-02-03T19:35:20","date_gmt":"2026-02-03T18:35:20","guid":{"rendered":"https:\/\/online-filmkatarzis.com\/kucko\/?p=9927"},"modified":"2026-02-04T06:05:41","modified_gmt":"2026-02-04T05:05:41","slug":"ezert-lepett-a-vonat-ele-a-43-eves-ciprian-atya","status":"publish","type":"post","link":"https:\/\/online-filmkatarzis.com\/kucko\/ezert-lepett-a-vonat-ele-a-43-eves-ciprian-atya\/","title":{"rendered":"Ez\u00e9rt l\u00e9pett a vonat el\u00e9 a 43 \u00e9ves Cipri\u00e1n atya"},"content":{"rendered":"<h3>Letagl\u00f3zta a h\u00edveket \u00e9s a paps\u00e1got a felfoghatatlan h\u00edr: meghalt Cipri\u00e1n atya. A mind\u00f6ssze 43 \u00e9ves lelkip\u00e1sztor t\u00e1voz\u00e1sa pillanatok alatt v\u00e9gigs\u00f6p\u00f6rt a k\u00f6z\u00f6ss\u00e9gi oldalakon, ahol ismer\u0151s\u00f6k, h\u00edvek \u00e9s koll\u00e9g\u00e1k sz\u00e1zai eml\u00e9keztek meg r\u00f3la d\u00f6bbent szavakkal.<br \/>\nSenki nem \u00e9rtette, mi t\u00f6rt\u00e9nhetett. A mindig mosolyg\u00f3s, k\u00f6zvetlen papr\u00f3l besz\u00e9lnek, akihez b\u00e1rki bizalommal fordulhatott. A trag\u00e9dia h\u00edre ut\u00e1n csak egy k\u00e9rd\u00e9s maradt: hogyan juthatott id\u00e1ig egy olyan ember, aki m\u00e1soknak rem\u00e9nyt adott?<br \/>\nMUTATJUK A R\u00c9SZLETEKET!<\/h3>\n<h3><span style=\"color: #ff0000;\"><strong>A h\u00edr nem \u00e9rt v\u00e9get! Folytat\u00e1shoz haszn\u00e1ld a K\u00d6VETKEZ\u0150 OLDAL gombot!<\/strong><\/span><\/h3>\n<h3 style=\"text-align: right;\"><a href=\"https:\/\/online-filmkatarzis.com\/kucko\/hirek\/ezert-lepett-a-vonat-ele-a-43-eves-ciprian-atya\/\" target=\"_blank\" rel=\"noopener\"><span style=\"color: #ff0000;\">&#8212;&gt;&gt; K\u00d6VETKEZ\u0150 OLDAL<\/span><\/a><\/h3>\n<p>A Citro\u00ebn C5\u202fX egy 2021\u2011ben bemutatott nagym\u00e9ret\u0171 csal\u00e1di aut\u00f3, amelyet a francia gy\u00e1rt\u00f3 \u00fagy tervezett meg, hogy egyetlen modellben kombin\u00e1lja a hagyom\u00e1nyos limuzinok, kombiak \u00e9s crossoverek jellegzetess\u00e9geit. Ez az aut\u00f3 egyszerre egy \u00f6tajt\u00f3s ferdeh\u00e1t\u00fa kialak\u00edt\u00e1s, SUV\u2011szer\u0171 magasabb profil \u00e9s eleg\u00e1ns, sportos tet\u0151vonal eredm\u00e9nye, amely szokatlan, nehezen besorolhat\u00f3 form\u00e1t k\u00f6lcs\u00f6n\u00f6z neki.<\/p>\n<p>A C5\u202fX\u2011et a Citro\u00ebn a m\u00e1rka z\u00e1szl\u00f3shaj\u00f3jak\u00e9nt poz\u00edcion\u00e1lta a k\u00edn\u00e1lat\u00e1ban, \u00e9s b\u00e1r a t\u00edpust a klasszikus francia aut\u00f3gy\u00e1rt\u00e1si hagyom\u00e1nyokat id\u00e9z\u0151 k\u00e9nyelmes vezet\u00e9si \u00e9lm\u00e9ny jellemzi, az \u00e1ra meglep\u0151en versenyk\u00e9pes maradt. A bel\u00e9p\u0151 szint\u0171 \u201eYou!\u201d felszerelts\u00e9ggel m\u00e1r nagyj\u00e1b\u00f3l annyiba ker\u00fcl, mint egy j\u00f3l felszerelt kis aut\u00f3, alig valamivel t\u00f6bb mint 30\u202f000 font k\u00f6r\u00fcl \u2013 ez jelent\u0151sen kevesebb, mint sok hasonl\u00f3 m\u00e9ret\u0171 riv\u00e1lis, p\u00e9ld\u00e1ul a \u0160koda Superb alap\u00e1ra.<\/p>\n<p>A C5\u202fX palett\u00e1j\u00e1n t\u00f6bbf\u00e9le er\u0151forr\u00e1s tal\u00e1lhat\u00f3: a 1,2 literes benzines alapmotor \u00e9s ugyanennek a blokk\u2011hibrid v\u00e1ltozata mellett el\u00e9rhet\u0151 egy nagyobb, 1,6 literes turb\u00f3s benzinmotorral \u00e9s plug\u2011in hibrid rendszerrel kombin\u00e1lt v\u00e1ltozat is. Ez a plug\u2011in hibrid egys\u00e9g 222 l\u00f3er\u0151s \u00f6sszteljes\u00edtm\u00e9nyt ad le, \u00e9s viszonylag dinamikus gyorsul\u00e1st biztos\u00edt, hiszen 0\u2011r\u00f3l 100\u202fkm\/h\u2011ra kevesebb, mint 8 m\u00e1sodperc alatt gyorsul. A bel\u00e9p\u0151 szint\u0171, kisebb motorral szerelt v\u00e1ltozat nagyj\u00e1b\u00f3l 10,4 m\u00e1sodperces gyorsul\u00e1st produk\u00e1l 0\u2011r\u00f3l 100\u202fkm\/h\u2011ra, \u00e9s v\u00e9gsebess\u00e9ge k\u00f6zel 132 m\u00e9rf\u00f6ld\/\u00f3ra (k\u00f6r\u00fclbel\u00fcl 212\u202fkm\/h).<\/p>\n<p>A vezet\u00e9si \u00e9lm\u00e9nyr\u0151l sz\u00f3lva a Citro\u00ebn C5\u202fX nem azon aut\u00f3k k\u00f6z\u00e9 tartozik, amelyek a sportoss\u00e1got helyezik a k\u00f6z\u00e9ppontba. A gy\u00e1rt\u00f3 ink\u00e1bb a k\u00e9nyelmet \u00e9s a finom, z\u00f6kken\u0151mentes rug\u00f3z\u00e1st r\u00e9szes\u00edti el\u0151nyben, \u00edgy a fut\u00f3m\u0171 nagyon j\u00f3l elszigeteli az utasokat az \u00fathib\u00e1kt\u00f3l, r\u00e1zk\u00f3d\u00e1st\u00f3l \u00e9s egyenetlens\u00e9gekt\u0151l. Ez k\u00fcl\u00f6n\u00f6sen hosszabb utak eset\u00e9n nyilv\u00e1nul meg, amikor a feszesebb, kev\u00e9sb\u00e9 komfortos aut\u00f3k f\u00e1raszt\u00f3ak tudnak lenni. A rug\u00f3z\u00e1s sokszor olyan \u201e\u00fasz\u00f3s\u201d \u00e9rzetet kelt, amely szinte elnyeli a rosszabb \u00fatfel\u00fcleteket \u2013 mindezt \u00fagy, hogy egy komolyabb luxusaut\u00f3hoz hasonl\u00f3 utaz\u00e1si \u00e9lm\u00e9nyt ad.<\/p>\n<p>A C5\u202fX\u2011et gyakran hasonl\u00edtj\u00e1k m\u00e1s, hasonl\u00f3 m\u00e9ret\u0171 aut\u00f3khoz, de a Citro\u00ebn modellje saj\u00e1tos egy\u00e9nis\u00e9ggel rendelkezik. Formaterve egyszerre \u201eSUV\u2011szer\u0171\u201d \u00e9s eleg\u00e1ns ferdeh\u00e1t\u00fa, amelynek magasabb profilja \u00e9s m\u0171anyag ker\u00e9kj\u00e1rati d\u00edszl\u00e9cei vizu\u00e1lisan SUV\u2011hat\u00e1st keltenek, noha technikailag nem egy hagyom\u00e1nyos terepj\u00e1r\u00f3. Az aut\u00f3 vonalai letisztultak \u00e9s modernebbek, ugyanakkor nem felt\u00e9tlen\u00fcl vonzz\u00e1k a sportoss\u00e1got keres\u0151 v\u00e1s\u00e1rl\u00f3kat. A k\u00fcls\u0151 st\u00edlusban a Citro\u00ebn mer\u00e9sz d\u00f6nt\u00e9seket hozott \u2013 a teljes hossz\u00e1ban fut\u00f3 els\u0151 h\u0171t\u0151maszk \u00e9s az X\u2011alak\u00fa h\u00e1ts\u00f3 l\u00e1mp\u00e1k jellegzetes megjelen\u00e9st biztos\u00edtanak neki, ami sokak szem\u00e9ben egyedi vonzer\u0151t ad a modellnek.<\/p>\n","protected":false},"excerpt":{"rendered":"<p>Letagl\u00f3zta a h\u00edveket \u00e9s a paps\u00e1got a felfoghatatlan h\u00edr: meghalt Cipri\u00e1n atya. A mind\u00f6ssze 43 \u00e9ves lelkip\u00e1sztor t\u00e1voz\u00e1sa pillanatok alatt v\u00e9gigs\u00f6p\u00f6rt a k\u00f6z\u00f6ss\u00e9gi oldalakon, ahol ismer\u0151s\u00f6k, h\u00edvek \u00e9s koll\u00e9g\u00e1k sz\u00e1zai eml\u00e9keztek meg&#8230;<\/p>\n","protected":false},"author":1,"featured_media":9928,"comment_status":"open","ping_status":"open","sticky":false,"template":"","format":"standard","meta":{"footnotes":""},"categories":[2],"tags":[],"class_list":["post-9927","post","type-post","status-publish","format-standard","has-post-thumbnail","hentry","category-altalanos"],"aioseo_notices":[],"_links":{"self":[{"href":"https:\/\/online-filmkatarzis.com\/kucko\/wp-json\/wp\/v2\/posts\/9927","targetHints":{"allow":["GET"]}}],"collection":[{"href":"https:\/\/online-filmkatarzis.com\/kucko\/wp-json\/wp\/v2\/posts"}],"about":[{"href":"https:\/\/online-filmkatarzis.com\/kucko\/wp-json\/wp\/v2\/types\/post"}],"author":[{"embeddable":true,"href":"https:\/\/online-filmkatarzis.com\/kucko\/wp-json\/wp\/v2\/users\/1"}],"replies":[{"embeddable":true,"href":"https:\/\/online-filmkatarzis.com\/kucko\/wp-json\/wp\/v2\/comments?post=9927"}],"version-history":[{"count":3,"href":"https:\/\/online-filmkatarzis.com\/kucko\/wp-json\/wp\/v2\/posts\/9927\/revisions"}],"predecessor-version":[{"id":9938,"href":"https:\/\/online-filmkatarzis.com\/kucko\/wp-json\/wp\/v2\/posts\/9927\/revisions\/9938"}],"wp:featuredmedia":[{"embeddable":true,"href":"https:\/\/online-filmkatarzis.com\/kucko\/wp-json\/wp\/v2\/media\/9928"}],"wp:attachment":[{"href":"https:\/\/online-filmkatarzis.com\/kucko\/wp-json\/wp\/v2\/media?parent=9927"}],"wp:term":[{"taxonomy":"category","embeddable":true,"href":"https:\/\/online-filmkatarzis.com\/kucko\/wp-json\/wp\/v2\/categories?post=9927"},{"taxonomy":"post_tag","embeddable":true,"href":"https:\/\/online-filmkatarzis.com\/kucko\/wp-json\/wp\/v2\/tags?post=9927"}],"curies":[{"name":"wp","href":"https:\/\/api.w.org\/{rel}","templated":true}]}}