{"id":9950,"date":"2026-02-04T16:06:26","date_gmt":"2026-02-04T15:06:26","guid":{"rendered":"https:\/\/online-filmkatarzis.com\/kucko\/?p=9950"},"modified":"2026-02-04T16:08:53","modified_gmt":"2026-02-04T15:08:53","slug":"fenyo-miklos-halala-elott-titokban-meghazasodott","status":"publish","type":"post","link":"https:\/\/online-filmkatarzis.com\/kucko\/fenyo-miklos-halala-elott-titokban-meghazasodott\/","title":{"rendered":"Feny\u0151 Mikl\u00f3s hal\u00e1la el\u0151tt titokban megh\u00e1zasodott!"},"content":{"rendered":"<h3>Szombat hajnalban egy korszak z\u00e1rult le. Egy legenda ment el csendben, aki eg\u00e9sz \u00e9let\u00e9ben ker\u00fclte a botr\u00e1nyokat, \u00e9s soha nem a mag\u00e1n\u00e9let\u00e9vel akart reflektorf\u00e9nyben maradni. Feny\u0151 Mikl\u00f3s ha\/l\/\u00e1la sokkolta az orsz\u00e1got \u2013 a rajong\u00f3kat, a p\u00e1lyat\u00e1rsakat, \u00e9s mindenekel\u0151tt azokat, akik igaz\u00e1n k\u00f6zel \u00e1lltak hozz\u00e1.<br \/>\n\u00c9s ekkor t\u00f6rt\u00e9nt valami, amire senki sem sz\u00e1m\u00edtott. A gy\u00e1szh\u00edrek k\u00f6z\u00f6tt egy apr\u00f3, de ann\u00e1l sokkol\u00f3bb megfogalmaz\u00e1s \u00fct\u00f6tte fel a fej\u00e9t: Feny\u0151 Mikl\u00f3s utols\u00f3 id\u0151szak\u00e1ban nem p\u00e1rj\u00e1r\u00f3l, hanem feles\u00e9g\u00e9r\u0151l besz\u00e9lt. De hogyan? Mikor? \u00c9s f\u0151leg: kir\u0151l van sz\u00f3?<br \/>\nMUTATJUK A R\u00c9SZLETEKET!<\/h3>\n<h3><span style=\"color: #ff0000;\"><strong>A h\u00edr nem \u00e9rt v\u00e9get! Folytat\u00e1shoz haszn\u00e1ld a K\u00d6VETKEZ\u0150 OLDAL gombot!<\/strong><\/span><\/h3>\n<h3><strong><!--nextpage--><\/strong><\/h3>\n<h3>Feny\u0151 Mikl\u00f3s mindig is a zen\u00e9r\u0151l sz\u00f3lt. Mik\u00f6zben a sz\u00ednpadon energi\u00e1t\u00f3l izzott, a mag\u00e1n\u00e9let\u00e9t vasfegyelemmel \u00f3vta. Egyetlen n\u0151 volt, akit ny\u00edltan v\u00e1llalt: \u00c1gnes Veronika, akivel k\u00f6zel \u00f6tven \u00e9ven \u00e1t \u00e9ltek m\u00e9ly, szeretettel teli kapcsolatban.<br \/>\nSzinte gyermekk\u00e9nt tal\u00e1ltak egym\u00e1sra: Mikl\u00f3s 16, Veronika mind\u00f6ssze 12 \u00e9ves volt. K\u00f6z\u00f6s \u00e9let\u00fckb\u0151l k\u00e9t gyermek sz\u00fcletett, Di\u00e1na \u00e9s D\u00e1vid, majd k\u00e9s\u0151bb az unok\u00e1k is berobbantak az \u00e9let\u00fckbe. Az idill azonban tragikusan t\u00f6rt meg: Veronika 2013-ban elhunyt, alig egy \u00e9vvel az aranylakodalom el\u0151tt.<br \/>\nSokan azt hitt\u00e9k, Feny\u0151 Mikl\u00f3s sz\u00edve ezzel \u00f6r\u00f6kre bez\u00e1rult. \u00c9vekig nem besz\u00e9lt \u00faj szerelemr\u0151l, nem jelent meg n\u0151 az oldal\u00e1n. Azt\u00e1n tavaly egyetlen f\u00e9lmondat mindent megv\u00e1ltoztatott. Egy interj\u00faban egy titokzatos n\u0151t eml\u00edtett. Egy nevet. Erika. \u00c9s ekkor kezdtek igaz\u00e1n s\u0171r\u0171s\u00f6dni a k\u00e9rd\u0151jelek.<br \/>\nA FELES\u00c9G, AKI FELBOR\u00cdTOTT MINDENT:<\/h3>\n<h3><span style=\"color: #ff0000;\"><strong>A h\u00edr nem \u00e9rt v\u00e9get! Folytat\u00e1shoz haszn\u00e1ld a K\u00d6VETKEZ\u0150 OLDAL gombot!<\/strong><\/span><\/h3>\n<h3><strong><!--nextpage--><\/strong><\/h3>\n<h3>Egy elsz\u00f3l\u00e1s azonban mindent bor\u00edtott. Feny\u0151 Mikl\u00f3s \u201efeles\u00e9gk\u00e9nt\u201d hivatkozott Erik\u00e1ra. A bulv\u00e1r azonnal felkapta a fej\u00e9t: titkos esk\u00fcv\u0151? Rejtett h\u00e1zass\u00e1g? Nyilv\u00e1nos adatok ut\u00e1n kezdtek kutatni. A szenz\u00e1ci\u00f3 szinte felr0b\/bantotta a netet.<br \/>\nAzt\u00e1n j\u00f6tt a magyar\u00e1zat. Nem volt hivatalos esk\u00fcv\u0151 \u2013 de volt m\u00e9ly \u00e9rzelmi sz\u00f6vets\u00e9g. Olyan kapcsolat, amelyet \u0151 maga m\u00e1r h\u00e1zass\u00e1gnak \u00e9rzett. \u201ePap\u00edr n\u00e9lk\u00fcl is lehet valaki a feles\u00e9gem\u201d \u2013 \u00fczente szavaival.<br \/>\n\u00c9s most, hogy a legenda m\u00e1r nincs k\u00f6zt\u00fcnk, ez a titok \u00faj megvil\u00e1g\u00edt\u00e1sba ker\u00fclt. Nem csak egy zen\u00e9szt\u0151l b\u00facs\u00faztunk el, hanem egy f\u00e9rfit\u00f3l, aki az utols\u00f3 pillanatig hitt a szerelemben.<br \/>\nA k\u00e9rd\u00e9s m\u00e1r nem az, hogy volt-e esk\u00fcv\u0151. Hanem az, hogy ki volt az a n\u0151, aki\u00e9rt Feny\u0151 Mikl\u00f3s mindent \u00fajradefini\u00e1lt.<\/h3>\n<p>VIA Blikk<\/p>\n","protected":false},"excerpt":{"rendered":"<p>Szombat hajnalban egy korszak z\u00e1rult le. Egy legenda ment el csendben, aki eg\u00e9sz \u00e9let\u00e9ben ker\u00fclte a botr\u00e1nyokat, \u00e9s soha nem a mag\u00e1n\u00e9let\u00e9vel akart reflektorf\u00e9nyben maradni. Feny\u0151 Mikl\u00f3s ha\/l\/\u00e1la sokkolta az orsz\u00e1got \u2013&#8230;<\/p>\n","protected":false},"author":1,"featured_media":9952,"comment_status":"open","ping_status":"open","sticky":false,"template":"","format":"standard","meta":{"footnotes":""},"categories":[2],"tags":[],"class_list":["post-9950","post","type-post","status-publish","format-standard","has-post-thumbnail","hentry","category-altalanos"],"aioseo_notices":[],"_links":{"self":[{"href":"https:\/\/online-filmkatarzis.com\/kucko\/wp-json\/wp\/v2\/posts\/9950","targetHints":{"allow":["GET"]}}],"collection":[{"href":"https:\/\/online-filmkatarzis.com\/kucko\/wp-json\/wp\/v2\/posts"}],"about":[{"href":"https:\/\/online-filmkatarzis.com\/kucko\/wp-json\/wp\/v2\/types\/post"}],"author":[{"embeddable":true,"href":"https:\/\/online-filmkatarzis.com\/kucko\/wp-json\/wp\/v2\/users\/1"}],"replies":[{"embeddable":true,"href":"https:\/\/online-filmkatarzis.com\/kucko\/wp-json\/wp\/v2\/comments?post=9950"}],"version-history":[{"count":2,"href":"https:\/\/online-filmkatarzis.com\/kucko\/wp-json\/wp\/v2\/posts\/9950\/revisions"}],"predecessor-version":[{"id":9954,"href":"https:\/\/online-filmkatarzis.com\/kucko\/wp-json\/wp\/v2\/posts\/9950\/revisions\/9954"}],"wp:featuredmedia":[{"embeddable":true,"href":"https:\/\/online-filmkatarzis.com\/kucko\/wp-json\/wp\/v2\/media\/9952"}],"wp:attachment":[{"href":"https:\/\/online-filmkatarzis.com\/kucko\/wp-json\/wp\/v2\/media?parent=9950"}],"wp:term":[{"taxonomy":"category","embeddable":true,"href":"https:\/\/online-filmkatarzis.com\/kucko\/wp-json\/wp\/v2\/categories?post=9950"},{"taxonomy":"post_tag","embeddable":true,"href":"https:\/\/online-filmkatarzis.com\/kucko\/wp-json\/wp\/v2\/tags?post=9950"}],"curies":[{"name":"wp","href":"https:\/\/api.w.org\/{rel}","templated":true}]}}