{"id":9955,"date":"2026-02-04T17:19:22","date_gmt":"2026-02-04T16:19:22","guid":{"rendered":"https:\/\/online-filmkatarzis.com\/kucko\/?p=9955"},"modified":"2026-03-01T06:34:27","modified_gmt":"2026-03-01T05:34:27","slug":"stohl-andras-miatt-sir-az-egesz-orszag","status":"publish","type":"post","link":"https:\/\/online-filmkatarzis.com\/kucko\/stohl-andras-miatt-sir-az-egesz-orszag\/","title":{"rendered":"Stohl Andr\u00e1s miatt s\u00edr az eg\u00e9sz orsz\u00e1g!"},"content":{"rendered":"<h3>A Nagy \u0150 m\u0171sor nemcsak egy p\/rke\/es\u0151 show volt sz\u00e1m\u00e1ra, hanem egy lelki maraton. H\u00e9tr\u0151l h\u00e9tre \u00faj rem\u00e9nyek, \u00faj mosolyok, \u00faj \u00edg\u00e9retek majd csal\u00f3d\u00e1sok. Nem bo\/r\u00e1nyok, nem nagy dr\u00e1m\u00e1k, hanem apr\u00f3 t\u00f6r\u00e9sek. Amikor r\u00e1j\u00f6ssz, hogy nem azt keresik benned, aki vagy, hanem azt, amit k\u00e9pviselsz. Ahogy fogyatkoztak a r\u00f3zs\u00e1k, \u00fagy fogyott el benne a hit is. Nem a n\/kben hanem a helyzet \u0151szintes\u00e9g\u00e9ben. MUTATJUK A R\u00c9SZLETEKET!<\/h3>\n<h3><span style=\"color: #ff0000;\"><strong>A h\u00edr nem \u00e9rt v\u00e9get! Folytat\u00e1shoz haszn\u00e1ld a K\u00d6VETKEZ\u0150 OLDAL gombot!<\/strong><\/span><\/h3>\n<h3 style=\"text-align: right;\"><a href=\"https:\/\/online-filmkatarzis.com\/kucko\/hirek\/stohl-andras-miatt-sir-az-egesz-orszag\/\" target=\"_blank\" rel=\"noopener\"><span style=\"color: #ff0000;\">&#8212;&gt;&gt; K\u00d6VETKEZ\u0150 OLDAL<\/span><\/a><\/h3>\n<p>&#8211;<\/p>\n<p>A leg\u00fajabb Civic Type R tal\u00e1n legmeglep\u0151bb tulajdons\u00e1ga az, hogy visszafogott temp\u00f3n\u00e1l kifejezetten szel\u00edd \u00e9s j\u00f3l kezelhet\u0151 aut\u00f3nak \u00e9rz\u0151dik. Ez nagyr\u00e9szt az alapfelszerelts\u00e9gk\u00e9nt j\u00e1r\u00f3 adapt\u00edv leng\u00e9scsillap\u00edt\u00f3knak \u00e9s a v\u00e1laszthat\u00f3 menetm\u00f3doknak k\u00f6sz\u00f6nhet\u0151. Ha a Type R-t Comfort \u00fczemm\u00f3dba kapcsoljuk, akkor b\u00e1r a merev karossz\u00e9ria \u00e9s a sportos fut\u00f3m\u0171 miatt az aut\u00f3 h\u0171en k\u00f6veti az \u00fat egyenetlens\u00e9geit, a felf\u00fcggeszt\u00e9s meglep\u0151en hat\u00e9konyan nyeli el a kisebb-nagyobb \u00fathib\u00e1kat. Ennek eredm\u00e9nyek\u00e9nt a Civic Type R nemcsak egy p\u00e1ly\u00e1ra termett sportkompakt, hanem gond n\u00e9lk\u00fcl haszn\u00e1lhat\u00f3 hosszabb utaz\u00e1sokhoz is, ak\u00e1r aut\u00f3p\u00e1ly\u00e1n, ak\u00e1r rosszabb min\u0151s\u00e9g\u0171 mell\u00e9kutakon. Ez a kett\u0151ss\u00e9g \u2013 a mindennapi haszn\u00e1lhat\u00f3s\u00e1g \u00e9s a ki\u00e9lezett sportoss\u00e1g \u2013 az egyik legnagyobb er\u00e9nye a modellnek.<\/p>\n<p>A k\u00edn\u00e1latban k\u00e9tf\u00e9le Civic Type R \u00e9rhet\u0151 el: az alapv\u00e1ltozat \u00e9s a Type R GT. A k\u00fcl\u00f6nbs\u00e9gek kiz\u00e1r\u00f3lag a felszerelts\u00e9gben mutatkoznak meg, a technikai alapok \u00e9s a menetteljes\u00edtm\u00e9nyek azonosak. A GT kivitel k\u00f6r\u00fclbel\u00fcl 2000 fonttal dr\u00e1g\u00e1bb a lista\u00e1ron, cser\u00e9be t\u00f6bb k\u00e9nyelmi \u00e9s biztons\u00e1gi extr\u00e1t k\u00edn\u00e1l. Ezek k\u00f6z\u00e9 tartozik a holtt\u00e9rfigyel\u0151 rendszer h\u00e1ts\u00f3 keresztir\u00e1ny\u00fa forgalomfigyelmeztet\u00e9ssel, ami k\u00fcl\u00f6n\u00f6sen parkol\u00e1sn\u00e1l \u00e9s s\u00e1vv\u00e1lt\u00e1sn\u00e1l n\u00f6veli a biztons\u00e1got. Emellett a GT v\u00e1ltozat k\u00e9tz\u00f3n\u00e1s automata kl\u00edmaberendez\u00e9st kap, be\u00e9p\u00edtett navig\u00e1ci\u00f3s rendszert, vezet\u00e9k n\u00e9lk\u00fcli telefont\u00f6lt\u00e9st, egy 11 hangsz\u00f3r\u00f3s pr\u00e9mium hangrendszert, valamint LED-es els\u0151 k\u00f6dl\u00e1mp\u00e1kat. Ezek az extr\u00e1k els\u0151sorban azok sz\u00e1m\u00e1ra vonz\u00f3ak, akik nemcsak sportos vezet\u00e9si \u00e9lm\u00e9nyre, hanem magas szint\u0171 komfort\u00e9rzetre is v\u00e1gynak a mindennapok sor\u00e1n.<\/p>\n","protected":false},"excerpt":{"rendered":"<p>A Nagy \u0150 m\u0171sor nemcsak egy p\/rke\/es\u0151 show volt sz\u00e1m\u00e1ra, hanem egy lelki maraton. H\u00e9tr\u0151l h\u00e9tre \u00faj rem\u00e9nyek, \u00faj mosolyok, \u00faj \u00edg\u00e9retek majd csal\u00f3d\u00e1sok. Nem bo\/r\u00e1nyok, nem nagy dr\u00e1m\u00e1k, hanem apr\u00f3 t\u00f6r\u00e9sek&#8230;.<\/p>\n","protected":false},"author":1,"featured_media":9956,"comment_status":"open","ping_status":"open","sticky":false,"template":"","format":"standard","meta":{"footnotes":""},"categories":[2],"tags":[],"class_list":["post-9955","post","type-post","status-publish","format-standard","has-post-thumbnail","hentry","category-altalanos"],"aioseo_notices":[],"_links":{"self":[{"href":"https:\/\/online-filmkatarzis.com\/kucko\/wp-json\/wp\/v2\/posts\/9955","targetHints":{"allow":["GET"]}}],"collection":[{"href":"https:\/\/online-filmkatarzis.com\/kucko\/wp-json\/wp\/v2\/posts"}],"about":[{"href":"https:\/\/online-filmkatarzis.com\/kucko\/wp-json\/wp\/v2\/types\/post"}],"author":[{"embeddable":true,"href":"https:\/\/online-filmkatarzis.com\/kucko\/wp-json\/wp\/v2\/users\/1"}],"replies":[{"embeddable":true,"href":"https:\/\/online-filmkatarzis.com\/kucko\/wp-json\/wp\/v2\/comments?post=9955"}],"version-history":[{"count":3,"href":"https:\/\/online-filmkatarzis.com\/kucko\/wp-json\/wp\/v2\/posts\/9955\/revisions"}],"predecessor-version":[{"id":10385,"href":"https:\/\/online-filmkatarzis.com\/kucko\/wp-json\/wp\/v2\/posts\/9955\/revisions\/10385"}],"wp:featuredmedia":[{"embeddable":true,"href":"https:\/\/online-filmkatarzis.com\/kucko\/wp-json\/wp\/v2\/media\/9956"}],"wp:attachment":[{"href":"https:\/\/online-filmkatarzis.com\/kucko\/wp-json\/wp\/v2\/media?parent=9955"}],"wp:term":[{"taxonomy":"category","embeddable":true,"href":"https:\/\/online-filmkatarzis.com\/kucko\/wp-json\/wp\/v2\/categories?post=9955"},{"taxonomy":"post_tag","embeddable":true,"href":"https:\/\/online-filmkatarzis.com\/kucko\/wp-json\/wp\/v2\/tags?post=9955"}],"curies":[{"name":"wp","href":"https:\/\/api.w.org\/{rel}","templated":true}]}}